{"id":280780,"date":"2024-05-17T11:20:03","date_gmt":"2024-05-17T09:20:03","guid":{"rendered":"https:\/\/www.evearly.news\/fr\/subaru-saidera-de-toyota-pour-ses-futures-voitures-electriques\/"},"modified":"2024-05-17T11:20:03","modified_gmt":"2024-05-17T09:20:03","slug":"subaru-saidera-de-toyota-pour-ses-futures-voitures-electriques","status":"publish","type":"post","link":"https:\/\/www.evearly.news\/fr\/subaru-saidera-de-toyota-pour-ses-futures-voitures-electriques\/","title":{"rendered":"Subaru s\u2019aidera de Toyota pour ses futures voitures \u00e9lectriques"},"content":{"rendered":"<p><img decoding=\"async\" src=\"https:\/\/www.evearly.news\/fr\/wp-content\/uploads\/sites\/6\/2024\/05\/subaru-saidera-de-toyota-pour-ses-futures-voitures-electriques.jpg\"\/><br \/>\n\t\t\t\t\tSubaru pr\u00e9pare plusieurs nouveaut\u00e9s \u00e9lectriques et s\u2019appuiera sur les moyens de Toyota pour d\u00e9velopper sa gamme \u00ab z\u00e9ro \u00e9missions \u00bb. Avec l\u2019objectif de faire mieux que les ventes du Solterra. <a href=\"https:\/\/www.caradisiac.com\/subaru-s-aidera-de-toyota-pour-ses-futures-voitures-electriques-208804.htm#xtor=RSS-40\" target=\"blank\" rel=\"noopener\">Lire la suite&#8230;<\/a><\/p>\n","protected":false},"excerpt":{"rendered":"<p><img decoding=\"async\" src=\"https:\/\/www.evearly.news\/fr\/wp-content\/uploads\/sites\/6\/2024\/05\/subaru-saidera-de-toyota-pour-ses-futures-voitures-electriques.jpg\" \/><br \/>\n\t\t\t\t\tSubaru pr\u00e9pare plusieurs nouveaut\u00e9s \u00e9lectriques et s\u2019appuiera sur les moyens de Toyota pour d\u00e9velopper sa gamme \u00ab z\u00e9ro \u00e9missions \u00bb. Avec l\u2019objectif de faire mieux que les ventes du Solterra.<\/p>\n<p> <a class=\"continue-reading-link\" href=\"https:\/\/www.evearly.news\/fr\/subaru-saidera-de-toyota-pour-ses-futures-voitures-electriques\/\"><\/a><\/p>\n","protected":false},"author":11,"featured_media":280781,"comment_status":"closed","ping_status":"open","sticky":false,"template":"Default","format":"standard","meta":{"footnotes":""},"categories":[11],"tags":[],"class_list":["post-280780","post","type-post","status-publish","format-standard","has-post-thumbnail","hentry","category-caradisiac"],"_links":{"self":[{"href":"https:\/\/www.evearly.news\/fr\/wp-json\/wp\/v2\/posts\/280780","targetHints":{"allow":["GET"]}}],"collection":[{"href":"https:\/\/www.evearly.news\/fr\/wp-json\/wp\/v2\/posts"}],"about":[{"href":"https:\/\/www.evearly.news\/fr\/wp-json\/wp\/v2\/types\/post"}],"author":[{"embeddable":true,"href":"https:\/\/www.evearly.news\/fr\/wp-json\/wp\/v2\/users\/11"}],"replies":[{"embeddable":true,"href":"https:\/\/www.evearly.news\/fr\/wp-json\/wp\/v2\/comments?post=280780"}],"version-history":[{"count":0,"href":"https:\/\/www.evearly.news\/fr\/wp-json\/wp\/v2\/posts\/280780\/revisions"}],"wp:featuredmedia":[{"embeddable":true,"href":"https:\/\/www.evearly.news\/fr\/wp-json\/wp\/v2\/media\/280781"}],"wp:attachment":[{"href":"https:\/\/www.evearly.news\/fr\/wp-json\/wp\/v2\/media?parent=280780"}],"wp:term":[{"taxonomy":"category","embeddable":true,"href":"https:\/\/www.evearly.news\/fr\/wp-json\/wp\/v2\/categories?post=280780"},{"taxonomy":"post_tag","embeddable":true,"href":"https:\/\/www.evearly.news\/fr\/wp-json\/wp\/v2\/tags?post=280780"}],"curies":[{"name":"wp","href":"https:\/\/api.w.org\/{rel}","templated":true}]}}