{"id":280799,"date":"2024-05-17T14:00:14","date_gmt":"2024-05-17T12:00:14","guid":{"rendered":"https:\/\/www.evearly.news\/fr\/voiture-electrique-letat-doit-encore-100-millions-deuros-a-cause-du-leasing-social\/"},"modified":"2024-05-17T14:00:14","modified_gmt":"2024-05-17T12:00:14","slug":"voiture-electrique-letat-doit-encore-100-millions-deuros-a-cause-du-leasing-social","status":"publish","type":"post","link":"https:\/\/www.evearly.news\/fr\/voiture-electrique-letat-doit-encore-100-millions-deuros-a-cause-du-leasing-social\/","title":{"rendered":"Voiture \u00e9lectrique\u00a0: l\u2019\u00c9tat doit encore 100 millions d\u2019euros \u00e0 cause du leasing social"},"content":{"rendered":"<p><img loading=\"lazy\" width=\"1400\" height=\"932\" src=\"https:\/\/www.evearly.news\/fr\/wp-content\/uploads\/sites\/6\/2024\/05\/voiture-electrique-letat-doit-encore-100-millions-deuros-a-cause-du-leasing-social.jpg\" class=\"attachment-full size-full wp-post-image\" alt=\"Peugeot e-208 2023\" decoding=\"async\" srcset=\"https:\/\/www.evearly.news\/fr\/wp-content\/uploads\/sites\/6\/2024\/05\/voiture-electrique-letat-doit-encore-100-millions-deuros-a-cause-du-leasing-social.jpg 1400w, https:\/\/www.evearly.news\/fr\/wp-content\/uploads\/sites\/6\/2024\/05\/voiture-electrique-letat-doit-encore-100-millions-deuros-a-cause-du-leasing-social-1.jpg 505w, https:\/\/www.evearly.news\/fr\/wp-content\/uploads\/sites\/6\/2024\/05\/voiture-electrique-letat-doit-encore-100-millions-deuros-a-cause-du-leasing-social-2.jpg 1024w, https:\/\/www.presse-citron.net\/app\/uploads\/2023\/07\/peugeot-e-208-2023-main-50x33.jpg 50w\" sizes=\"auto, (max-width: 1400px) 100vw, 1400px\"><\/p>\n<p>L\u2019\u00c9tat a du mal \u00e0 rembourser les aides promises pour tout achat d\u2019un v\u00e9hicule \u00e9lectrique, et cela pourrait bien avoir de lourdes cons\u00e9quences sur les prochaines livraisons.<a href=\"https:\/\/www.presse-citron.net\/voiture-electrique-letat-doit-encore-rembourser-100-millions-deuros-a-cause-du-leasing-social\/\" target=\"blank\" rel=\"noopener\"> Lire la suite&#8230;<\/a><\/p>\n","protected":false},"excerpt":{"rendered":"<p>L\u2019\u00c9tat a du mal \u00e0 rembourser les aides promises pour tout achat d\u2019un v\u00e9hicule \u00e9lectrique, et cela pourrait bien avoir de lourdes cons\u00e9quences sur les prochaines livraisons&#8230;. <a class=\"continue-reading-link\" href=\"https:\/\/www.evearly.news\/fr\/voiture-electrique-letat-doit-encore-100-millions-deuros-a-cause-du-leasing-social\/\"><\/a><\/p>\n","protected":false},"author":18,"featured_media":280800,"comment_status":"closed","ping_status":"open","sticky":false,"template":"Default","format":"standard","meta":{"footnotes":""},"categories":[19],"tags":[],"class_list":["post-280799","post","type-post","status-publish","format-standard","has-post-thumbnail","hentry","category-presse-citron"],"_links":{"self":[{"href":"https:\/\/www.evearly.news\/fr\/wp-json\/wp\/v2\/posts\/280799","targetHints":{"allow":["GET"]}}],"collection":[{"href":"https:\/\/www.evearly.news\/fr\/wp-json\/wp\/v2\/posts"}],"about":[{"href":"https:\/\/www.evearly.news\/fr\/wp-json\/wp\/v2\/types\/post"}],"author":[{"embeddable":true,"href":"https:\/\/www.evearly.news\/fr\/wp-json\/wp\/v2\/users\/18"}],"replies":[{"embeddable":true,"href":"https:\/\/www.evearly.news\/fr\/wp-json\/wp\/v2\/comments?post=280799"}],"version-history":[{"count":0,"href":"https:\/\/www.evearly.news\/fr\/wp-json\/wp\/v2\/posts\/280799\/revisions"}],"wp:featuredmedia":[{"embeddable":true,"href":"https:\/\/www.evearly.news\/fr\/wp-json\/wp\/v2\/media\/280800"}],"wp:attachment":[{"href":"https:\/\/www.evearly.news\/fr\/wp-json\/wp\/v2\/media?parent=280799"}],"wp:term":[{"taxonomy":"category","embeddable":true,"href":"https:\/\/www.evearly.news\/fr\/wp-json\/wp\/v2\/categories?post=280799"},{"taxonomy":"post_tag","embeddable":true,"href":"https:\/\/www.evearly.news\/fr\/wp-json\/wp\/v2\/tags?post=280799"}],"curies":[{"name":"wp","href":"https:\/\/api.w.org\/{rel}","templated":true}]}}