{"id":280805,"date":"2024-05-17T14:54:58","date_gmt":"2024-05-17T12:54:58","guid":{"rendered":"https:\/\/www.evearly.news\/fr\/volkswagen-et-renault-mauvaise-nouvelle-pour-leurs-voitures-electriques-a-20-000-e\/"},"modified":"2024-05-17T14:54:58","modified_gmt":"2024-05-17T12:54:58","slug":"volkswagen-et-renault-mauvaise-nouvelle-pour-leurs-voitures-electriques-a-20-000-e","status":"publish","type":"post","link":"https:\/\/www.evearly.news\/fr\/volkswagen-et-renault-mauvaise-nouvelle-pour-leurs-voitures-electriques-a-20-000-e\/","title":{"rendered":"Volkswagen et Renault : mauvaise nouvelle pour leurs voitures \u00e9lectriques \u00e0 20 000 \u20ac"},"content":{"rendered":"<p><img width=\"1200\" height=\"675\" src=\"https:\/\/www.evearly.news\/fr\/wp-content\/uploads\/sites\/6\/2024\/05\/volkswagen-et-renault-mauvaise-nouvelle-pour-leurs-voitures-electriques-a-20-000-e.jpg\" class=\"attachment-large size-large wp-post-image\" alt=\"\" decoding=\"async\" loading=\"lazy\" \/<br \/>Si Renault avait annonc\u00e9 en mars 2024 \u00eatre en discussions avec Volkswagen pour cod\u00e9velopper une voiture \u00e9lectrique \u00e0 20 000 euros, l&rsquo;accord n&rsquo;aurait finalement pas \u00e9t\u00e9 trouv\u00e9. Si Renault continue le d\u00e9veloppement de sa Twingo \u00e9lectrique, pr\u00e9vue pour 2026, Volkswagen devra faire cavalier seul&#8230; ou trouver un autre partenaire. <a href=\"https:\/\/www.frandroid.com\/marques\/volkswagen\/2024196_volkswagen-et-renault-mauvaise-nouvelle-pour-leurs-voitures-electriques-a-20-000-e\" target='bwindow' rel=\"noopener\">Lire la suite&#8230;<\/a><\/p>\n","protected":false},"excerpt":{"rendered":"<p>&lt;img width=&quot;1200&quot; height=&quot;675&quot; src=&quot;https:\/\/www.evearly.news\/fr\/wp-content\/uploads\/sites\/6\/2024\/05\/volkswagen-et-renault-mauvaise-nouvelle-pour-leurs-voitures-electriques-a-20-000-e.jpg&quot; class=&quot;attachment-large size-large wp-post-image&quot; alt=&quot;&quot; decoding=&quot;async&quot; loading=&quot;lazy&quot; \/<br \/>Si Renault avait annonc\u00e9 en mars 2024 \u00eatre en discussions avec Volkswagen pour cod\u00e9velopper une voiture \u00e9lectrique \u00e0 20 000 euros, l&rsquo;accord n&rsquo;aurait finalement pas \u00e9t\u00e9 trouv\u00e9. Si Renault continue le d\u00e9veloppement de sa Twingo \u00e9lectrique, pr\u00e9vue pour 2026, Volkswagen devra faire cavalier seul&#8230; ou trouver un autre partenaire.<\/p>\n<p> <a class=\"continue-reading-link\" href=\"https:\/\/www.evearly.news\/fr\/volkswagen-et-renault-mauvaise-nouvelle-pour-leurs-voitures-electriques-a-20-000-e\/\"><\/a><\/p>\n","protected":false},"author":6,"featured_media":280806,"comment_status":"closed","ping_status":"open","sticky":false,"template":"Default","format":"standard","meta":{"footnotes":""},"categories":[14],"tags":[],"class_list":["post-280805","post","type-post","status-publish","format-standard","has-post-thumbnail","hentry","category-frandroid"],"_links":{"self":[{"href":"https:\/\/www.evearly.news\/fr\/wp-json\/wp\/v2\/posts\/280805","targetHints":{"allow":["GET"]}}],"collection":[{"href":"https:\/\/www.evearly.news\/fr\/wp-json\/wp\/v2\/posts"}],"about":[{"href":"https:\/\/www.evearly.news\/fr\/wp-json\/wp\/v2\/types\/post"}],"author":[{"embeddable":true,"href":"https:\/\/www.evearly.news\/fr\/wp-json\/wp\/v2\/users\/6"}],"replies":[{"embeddable":true,"href":"https:\/\/www.evearly.news\/fr\/wp-json\/wp\/v2\/comments?post=280805"}],"version-history":[{"count":0,"href":"https:\/\/www.evearly.news\/fr\/wp-json\/wp\/v2\/posts\/280805\/revisions"}],"wp:featuredmedia":[{"embeddable":true,"href":"https:\/\/www.evearly.news\/fr\/wp-json\/wp\/v2\/media\/280806"}],"wp:attachment":[{"href":"https:\/\/www.evearly.news\/fr\/wp-json\/wp\/v2\/media?parent=280805"}],"wp:term":[{"taxonomy":"category","embeddable":true,"href":"https:\/\/www.evearly.news\/fr\/wp-json\/wp\/v2\/categories?post=280805"},{"taxonomy":"post_tag","embeddable":true,"href":"https:\/\/www.evearly.news\/fr\/wp-json\/wp\/v2\/tags?post=280805"}],"curies":[{"name":"wp","href":"https:\/\/api.w.org\/{rel}","templated":true}]}}