{"id":280807,"date":"2024-05-17T15:25:15","date_gmt":"2024-05-17T13:25:15","guid":{"rendered":"https:\/\/www.evearly.news\/fr\/dacia-stepway-un-designer-bien-inspire-a-deja-imagine-la-future-sandero-4\/"},"modified":"2024-05-17T15:25:15","modified_gmt":"2024-05-17T13:25:15","slug":"dacia-stepway-un-designer-bien-inspire-a-deja-imagine-la-future-sandero-4","status":"publish","type":"post","link":"https:\/\/www.evearly.news\/fr\/dacia-stepway-un-designer-bien-inspire-a-deja-imagine-la-future-sandero-4\/","title":{"rendered":"Dacia Stepway : un designer bien inspir\u00e9 a d\u00e9j\u00e0 imagin\u00e9 la future Sandero 4"},"content":{"rendered":"<div class=\"media_block\"><img decoding=\"async\" src=\"https:\/\/www.evearly.news\/fr\/wp-content\/uploads\/sites\/6\/2024\/05\/dacia-stepway-un-designer-bien-inspire-a-deja-imagine-la-future-sandero-4.jpg\"><\/div>\n<p>Un designer cor\u00e9en a cogit\u00e9 une Dacia Stepway Concept dont la robe r\u00e9aliste ne semble gu\u00e8re \u00e9loign\u00e9e de celle de la future Sandero 4 Stepway qui devrait d\u2019ailleurs se nommer Dacia Stepway tout court. <a href=\"https:\/\/www.automobile-magazine.fr\/toute-l-actualite\/article\/42982-dacia-stepway-un-designer-bien-inspire-a-deja-imagine-la-future-sandero-4\" target='bwindow' rel=\"noopener\">Lire la suite&#8230;<\/a><\/p>\n","protected":false},"excerpt":{"rendered":"<div class=\"media_block\"><img decoding=\"async\" src=\"https:\/\/www.evearly.news\/fr\/wp-content\/uploads\/sites\/6\/2024\/05\/dacia-stepway-un-designer-bien-inspire-a-deja-imagine-la-future-sandero-4.jpg\"><\/div>\n<p> <a class=\"continue-reading-link\" href=\"https:\/\/www.evearly.news\/fr\/dacia-stepway-un-designer-bien-inspire-a-deja-imagine-la-future-sandero-4\/\"><\/a><\/p>\n","protected":false},"author":7,"featured_media":280808,"comment_status":"closed","ping_status":"open","sticky":false,"template":"Default","format":"standard","meta":{"footnotes":""},"categories":[7],"tags":[],"class_list":["post-280807","post","type-post","status-publish","format-standard","has-post-thumbnail","hentry","category-automobile-magazine"],"_links":{"self":[{"href":"https:\/\/www.evearly.news\/fr\/wp-json\/wp\/v2\/posts\/280807","targetHints":{"allow":["GET"]}}],"collection":[{"href":"https:\/\/www.evearly.news\/fr\/wp-json\/wp\/v2\/posts"}],"about":[{"href":"https:\/\/www.evearly.news\/fr\/wp-json\/wp\/v2\/types\/post"}],"author":[{"embeddable":true,"href":"https:\/\/www.evearly.news\/fr\/wp-json\/wp\/v2\/users\/7"}],"replies":[{"embeddable":true,"href":"https:\/\/www.evearly.news\/fr\/wp-json\/wp\/v2\/comments?post=280807"}],"version-history":[{"count":0,"href":"https:\/\/www.evearly.news\/fr\/wp-json\/wp\/v2\/posts\/280807\/revisions"}],"wp:featuredmedia":[{"embeddable":true,"href":"https:\/\/www.evearly.news\/fr\/wp-json\/wp\/v2\/media\/280808"}],"wp:attachment":[{"href":"https:\/\/www.evearly.news\/fr\/wp-json\/wp\/v2\/media?parent=280807"}],"wp:term":[{"taxonomy":"category","embeddable":true,"href":"https:\/\/www.evearly.news\/fr\/wp-json\/wp\/v2\/categories?post=280807"},{"taxonomy":"post_tag","embeddable":true,"href":"https:\/\/www.evearly.news\/fr\/wp-json\/wp\/v2\/tags?post=280807"}],"curies":[{"name":"wp","href":"https:\/\/api.w.org\/{rel}","templated":true}]}}