{"id":280845,"date":"2024-05-18T12:23:03","date_gmt":"2024-05-18T10:23:03","guid":{"rendered":"https:\/\/www.evearly.news\/fr\/le-petit-guide-pour-se-mettre-au-velo-a-assistance-electrique-ou-pas-dailleurs\/"},"modified":"2024-05-18T12:23:03","modified_gmt":"2024-05-18T10:23:03","slug":"le-petit-guide-pour-se-mettre-au-velo-a-assistance-electrique-ou-pas-dailleurs","status":"publish","type":"post","link":"https:\/\/www.evearly.news\/fr\/le-petit-guide-pour-se-mettre-au-velo-a-assistance-electrique-ou-pas-dailleurs\/","title":{"rendered":"Le petit guide pour se mettre au v\u00e9lo \u00e0 assistance \u00e9lectrique (ou pas d\u2019ailleurs)"},"content":{"rendered":"<p><img decoding=\"async\" src=\"https:\/\/www.evearly.news\/fr\/wp-content\/uploads\/sites\/6\/2024\/05\/le-petit-guide-pour-se-mettre-au-velo-a-assistance-electrique-ou-pas-dailleurs.jpg\"\/><br \/>\n\t\t\t\t\tLes beaux jours reviennent enfin. Le soleil est de sortie. La temp\u00e9rature id\u00e9ale. Vous vous dites que faire du v\u00e9lo serait une bonne chose. Mais le march\u00e9 est dense et vous ne savez pas par quoi commencer. Voici quelques conseils pour \u00e9viter les erreurs les plus courantes. <a href=\"https:\/\/www.caradisiac.com\/le-petit-guide-pour-se-mettre-au-velo-a-assistance-electrique-ou-pas-d-ailleurs-208729.htm#xtor=RSS-40\" target=\"blank\" rel=\"noopener\">Lire la suite&#8230;<\/a><\/p>\n","protected":false},"excerpt":{"rendered":"<p><img decoding=\"async\" src=\"https:\/\/www.evearly.news\/fr\/wp-content\/uploads\/sites\/6\/2024\/05\/le-petit-guide-pour-se-mettre-au-velo-a-assistance-electrique-ou-pas-dailleurs.jpg\" \/><br \/>\n\t\t\t\t\tLes beaux jours reviennent enfin. Le soleil est de sortie. La temp\u00e9rature id\u00e9ale. Vous vous dites que faire du v\u00e9lo serait une bonne chose. Mais le march\u00e9 est dense et vous ne savez pas par quoi commencer. Voici quelques conseils pour \u00e9viter les erreurs les plus courantes.<\/p>\n<p> <a class=\"continue-reading-link\" href=\"https:\/\/www.evearly.news\/fr\/le-petit-guide-pour-se-mettre-au-velo-a-assistance-electrique-ou-pas-dailleurs\/\"><\/a><\/p>\n","protected":false},"author":11,"featured_media":280846,"comment_status":"closed","ping_status":"open","sticky":false,"template":"Default","format":"standard","meta":{"footnotes":""},"categories":[11],"tags":[],"class_list":["post-280845","post","type-post","status-publish","format-standard","has-post-thumbnail","hentry","category-caradisiac"],"_links":{"self":[{"href":"https:\/\/www.evearly.news\/fr\/wp-json\/wp\/v2\/posts\/280845","targetHints":{"allow":["GET"]}}],"collection":[{"href":"https:\/\/www.evearly.news\/fr\/wp-json\/wp\/v2\/posts"}],"about":[{"href":"https:\/\/www.evearly.news\/fr\/wp-json\/wp\/v2\/types\/post"}],"author":[{"embeddable":true,"href":"https:\/\/www.evearly.news\/fr\/wp-json\/wp\/v2\/users\/11"}],"replies":[{"embeddable":true,"href":"https:\/\/www.evearly.news\/fr\/wp-json\/wp\/v2\/comments?post=280845"}],"version-history":[{"count":0,"href":"https:\/\/www.evearly.news\/fr\/wp-json\/wp\/v2\/posts\/280845\/revisions"}],"wp:featuredmedia":[{"embeddable":true,"href":"https:\/\/www.evearly.news\/fr\/wp-json\/wp\/v2\/media\/280846"}],"wp:attachment":[{"href":"https:\/\/www.evearly.news\/fr\/wp-json\/wp\/v2\/media?parent=280845"}],"wp:term":[{"taxonomy":"category","embeddable":true,"href":"https:\/\/www.evearly.news\/fr\/wp-json\/wp\/v2\/categories?post=280845"},{"taxonomy":"post_tag","embeddable":true,"href":"https:\/\/www.evearly.news\/fr\/wp-json\/wp\/v2\/tags?post=280845"}],"curies":[{"name":"wp","href":"https:\/\/api.w.org\/{rel}","templated":true}]}}