{"id":280853,"date":"2024-05-18T16:51:02","date_gmt":"2024-05-18T14:51:02","guid":{"rendered":"https:\/\/www.evearly.news\/fr\/utilitaires-electriques-le-reseau-mercedez-benz-dedie-aux-professionnels-continue-de-se-moderniser\/"},"modified":"2024-05-18T16:51:02","modified_gmt":"2024-05-18T14:51:02","slug":"utilitaires-electriques-le-reseau-mercedez-benz-dedie-aux-professionnels-continue-de-se-moderniser","status":"publish","type":"post","link":"https:\/\/www.evearly.news\/fr\/utilitaires-electriques-le-reseau-mercedez-benz-dedie-aux-professionnels-continue-de-se-moderniser\/","title":{"rendered":"Utilitaires \u00e9lectriques \u2013 Le r\u00e9seau Mercedez-Benz d\u00e9di\u00e9 aux professionnels continue de se moderniser"},"content":{"rendered":"<p><img decoding=\"async\" width=\"500\" height=\"333\" src=\"https:\/\/www.evearly.news\/fr\/wp-content\/uploads\/sites\/6\/2024\/05\/utilitaires-electriques-le-reseau-mercedez-benz-dedie-aux-professionnels-continue-de-se-moderniser.png\" class=\"attachment-1200x800 size-1200x800 wp-post-image\" alt=\"\" loading=\"lazy\" srcset=\"https:\/\/www.evearly.news\/fr\/wp-content\/uploads\/sites\/6\/2024\/05\/utilitaires-electriques-le-reseau-mercedez-benz-dedie-aux-professionnels-continue-de-se-moderniser.png 1680w, https:\/\/www.evearly.news\/fr\/wp-content\/uploads\/sites\/6\/2024\/05\/utilitaires-electriques-le-reseau-mercedez-benz-dedie-aux-professionnels-continue-de-se-moderniser-1.png 1640w, https:\/\/www.evearly.news\/fr\/wp-content\/uploads\/sites\/6\/2024\/05\/utilitaires-electriques-le-reseau-mercedez-benz-dedie-aux-professionnels-continue-de-se-moderniser-2.png 1024w, https:\/\/www.evearly.news\/fr\/wp-content\/uploads\/sites\/6\/2024\/05\/utilitaires-electriques-le-reseau-mercedez-benz-dedie-aux-professionnels-continue-de-se-moderniser-3.png 768w, https:\/\/www.evearly.news\/fr\/wp-content\/uploads\/sites\/6\/2024\/05\/utilitaires-electriques-le-reseau-mercedez-benz-dedie-aux-professionnels-continue-de-se-moderniser-4.png 1536w, https:\/\/cdn.automobile-propre.com\/uploads\/2024\/05\/Mercedes-utilitaires-electriques-551x413.png 551w\" sizes=\"auto, (max-width: 1067px) 100vw, 1067px\" \/><br \/>\n\u00a0Quatre nouveaux \u00e9tablissements ont r\u00e9cemment \u00e9t\u00e9 inaugur\u00e9s dans l\u2019Hexagone afin de r\u00e9pondre au mieux aux besoins des clients professionnels \u00e0\u2026\u00a0<a href=\"https:\/\/www.automobile-propre.com\/utilitaires-electriques-le-reseau-mercedez-benz-dedie-aux-professionnels-continue-de-se-moderniser\/\" target='bwindow' rel=\"noopener\">Lire la suite&#8230;<\/a><\/p>\n","protected":false},"excerpt":{"rendered":"<p>&#8230; <a class=\"continue-reading-link\" href=\"https:\/\/www.evearly.news\/fr\/utilitaires-electriques-le-reseau-mercedez-benz-dedie-aux-professionnels-continue-de-se-moderniser\/\"><\/a><\/p>\n","protected":false},"author":8,"featured_media":280854,"comment_status":"closed","ping_status":"open","sticky":false,"template":"Default","format":"standard","meta":{"footnotes":""},"categories":[8],"tags":[],"class_list":["post-280853","post","type-post","status-publish","format-standard","has-post-thumbnail","hentry","category-automobile-propre"],"_links":{"self":[{"href":"https:\/\/www.evearly.news\/fr\/wp-json\/wp\/v2\/posts\/280853","targetHints":{"allow":["GET"]}}],"collection":[{"href":"https:\/\/www.evearly.news\/fr\/wp-json\/wp\/v2\/posts"}],"about":[{"href":"https:\/\/www.evearly.news\/fr\/wp-json\/wp\/v2\/types\/post"}],"author":[{"embeddable":true,"href":"https:\/\/www.evearly.news\/fr\/wp-json\/wp\/v2\/users\/8"}],"replies":[{"embeddable":true,"href":"https:\/\/www.evearly.news\/fr\/wp-json\/wp\/v2\/comments?post=280853"}],"version-history":[{"count":0,"href":"https:\/\/www.evearly.news\/fr\/wp-json\/wp\/v2\/posts\/280853\/revisions"}],"wp:featuredmedia":[{"embeddable":true,"href":"https:\/\/www.evearly.news\/fr\/wp-json\/wp\/v2\/media\/280854"}],"wp:attachment":[{"href":"https:\/\/www.evearly.news\/fr\/wp-json\/wp\/v2\/media?parent=280853"}],"wp:term":[{"taxonomy":"category","embeddable":true,"href":"https:\/\/www.evearly.news\/fr\/wp-json\/wp\/v2\/categories?post=280853"},{"taxonomy":"post_tag","embeddable":true,"href":"https:\/\/www.evearly.news\/fr\/wp-json\/wp\/v2\/tags?post=280853"}],"curies":[{"name":"wp","href":"https:\/\/api.w.org\/{rel}","templated":true}]}}