{"id":280857,"date":"2024-05-18T16:58:02","date_gmt":"2024-05-18T14:58:02","guid":{"rendered":"https:\/\/www.evearly.news\/fr\/1-000-km-en-volkswagen-id-7-quand-voyager-en-electrique-na-plus-rien-dune-punition\/"},"modified":"2024-05-18T16:58:02","modified_gmt":"2024-05-18T14:58:02","slug":"1-000-km-en-volkswagen-id-7-quand-voyager-en-electrique-na-plus-rien-dune-punition","status":"publish","type":"post","link":"https:\/\/www.evearly.news\/fr\/1-000-km-en-volkswagen-id-7-quand-voyager-en-electrique-na-plus-rien-dune-punition\/","title":{"rendered":"1 000 km en Volkswagen ID.7 : quand voyager en \u00e9lectrique n\u2019a plus rien d\u2019une punition !"},"content":{"rendered":"<div class=\"media_block\"><img decoding=\"async\" src=\"https:\/\/www.evearly.news\/fr\/wp-content\/uploads\/sites\/6\/2024\/05\/1-000-km-en-volkswagen-id-7-quand-voyager-en-electrique-na-plus-rien-dune-punition.jpg\"><\/div>\n<p>Consommation basse, charge rapide et s\u00e9rieuses aptitudes routi\u00e8res : la grande berline \u00e9lectrique de Volkswagen se met en quatre pour faciliter la vie sur long trajet. <a href=\"https:\/\/www.automobile-magazine.fr\/voitures-electriques\/article\/42956-1-000-km-en-volkswagen-id7-quand-voyager-en-electrique-na-plus-rien-dune-punition\" target='bwindow' rel=\"noopener\">Lire la suite&#8230;<\/a><\/p>\n","protected":false},"excerpt":{"rendered":"<div class=\"media_block\"><img decoding=\"async\" src=\"https:\/\/www.evearly.news\/fr\/wp-content\/uploads\/sites\/6\/2024\/05\/1-000-km-en-volkswagen-id-7-quand-voyager-en-electrique-na-plus-rien-dune-punition.jpg\"><\/div>\n<p> <a class=\"continue-reading-link\" href=\"https:\/\/www.evearly.news\/fr\/1-000-km-en-volkswagen-id-7-quand-voyager-en-electrique-na-plus-rien-dune-punition\/\"><\/a><\/p>\n","protected":false},"author":7,"featured_media":280858,"comment_status":"closed","ping_status":"open","sticky":false,"template":"Default","format":"standard","meta":{"footnotes":""},"categories":[7],"tags":[],"class_list":["post-280857","post","type-post","status-publish","format-standard","has-post-thumbnail","hentry","category-automobile-magazine"],"_links":{"self":[{"href":"https:\/\/www.evearly.news\/fr\/wp-json\/wp\/v2\/posts\/280857","targetHints":{"allow":["GET"]}}],"collection":[{"href":"https:\/\/www.evearly.news\/fr\/wp-json\/wp\/v2\/posts"}],"about":[{"href":"https:\/\/www.evearly.news\/fr\/wp-json\/wp\/v2\/types\/post"}],"author":[{"embeddable":true,"href":"https:\/\/www.evearly.news\/fr\/wp-json\/wp\/v2\/users\/7"}],"replies":[{"embeddable":true,"href":"https:\/\/www.evearly.news\/fr\/wp-json\/wp\/v2\/comments?post=280857"}],"version-history":[{"count":0,"href":"https:\/\/www.evearly.news\/fr\/wp-json\/wp\/v2\/posts\/280857\/revisions"}],"wp:featuredmedia":[{"embeddable":true,"href":"https:\/\/www.evearly.news\/fr\/wp-json\/wp\/v2\/media\/280858"}],"wp:attachment":[{"href":"https:\/\/www.evearly.news\/fr\/wp-json\/wp\/v2\/media?parent=280857"}],"wp:term":[{"taxonomy":"category","embeddable":true,"href":"https:\/\/www.evearly.news\/fr\/wp-json\/wp\/v2\/categories?post=280857"},{"taxonomy":"post_tag","embeddable":true,"href":"https:\/\/www.evearly.news\/fr\/wp-json\/wp\/v2\/tags?post=280857"}],"curies":[{"name":"wp","href":"https:\/\/api.w.org\/{rel}","templated":true}]}}