{"id":280877,"date":"2024-05-19T13:23:07","date_gmt":"2024-05-19T11:23:07","guid":{"rendered":"https:\/\/www.evearly.news\/fr\/le-groupe-bollore-officialise-son-projet-de-gigafactory-de-batteries-en-alsace\/"},"modified":"2024-05-19T13:23:07","modified_gmt":"2024-05-19T11:23:07","slug":"le-groupe-bollore-officialise-son-projet-de-gigafactory-de-batteries-en-alsace","status":"publish","type":"post","link":"https:\/\/www.evearly.news\/fr\/le-groupe-bollore-officialise-son-projet-de-gigafactory-de-batteries-en-alsace\/","title":{"rendered":"Le groupe Bollor\u00e9 officialise son projet de \u00ab gigafactory \u00bb de batteries en Alsace"},"content":{"rendered":"<p><img decoding=\"async\" src=\"https:\/\/tecsol.blogs.com\/.a\/6a00d8341bfe5d53ef02c8d3afa4b1200c-580wi\" alt=\"Le Maire Bollor\u00e9\"><br \/>Le groupe Bollor\u00e9 a officialis\u00e9, vendredi au cours d&#39;une visite du ministre de l&#39;\u00c9conomie, son projet de produire des batteries de nouvelle g\u00e9n\u00e9ration, dans une \u00ab gigafactory \u00bb install\u00e9e en Alsace \u00e0 l&#39;horizon 2030. Dans l&#39;agglom\u00e9ration de Mulhouse Cette gigafactory&#8230; <a href=\"https:\/\/feeds.feedblitz.com\/~\/896920592\/0\/tecsol~Le-groupe-Bollor%c3%a9-officialise-son-projet-de-%c2%ab-gigafactory-%c2%bb-de-batteries-en-Alsace.html\" target='bwindow' rel=\"noopener\">Lire la suite&#8230;<\/a><\/p>\n","protected":false},"excerpt":{"rendered":"<p>&#8230; <a class=\"continue-reading-link\" href=\"https:\/\/www.evearly.news\/fr\/le-groupe-bollore-officialise-son-projet-de-gigafactory-de-batteries-en-alsace\/\"><\/a><\/p>\n","protected":false},"author":25,"featured_media":0,"comment_status":"closed","ping_status":"open","sticky":false,"template":"Default","format":"standard","meta":{"footnotes":""},"categories":[22],"tags":[],"class_list":["post-280877","post","type-post","status-publish","format-standard","hentry","category-tecsol"],"_links":{"self":[{"href":"https:\/\/www.evearly.news\/fr\/wp-json\/wp\/v2\/posts\/280877","targetHints":{"allow":["GET"]}}],"collection":[{"href":"https:\/\/www.evearly.news\/fr\/wp-json\/wp\/v2\/posts"}],"about":[{"href":"https:\/\/www.evearly.news\/fr\/wp-json\/wp\/v2\/types\/post"}],"author":[{"embeddable":true,"href":"https:\/\/www.evearly.news\/fr\/wp-json\/wp\/v2\/users\/25"}],"replies":[{"embeddable":true,"href":"https:\/\/www.evearly.news\/fr\/wp-json\/wp\/v2\/comments?post=280877"}],"version-history":[{"count":0,"href":"https:\/\/www.evearly.news\/fr\/wp-json\/wp\/v2\/posts\/280877\/revisions"}],"wp:attachment":[{"href":"https:\/\/www.evearly.news\/fr\/wp-json\/wp\/v2\/media?parent=280877"}],"wp:term":[{"taxonomy":"category","embeddable":true,"href":"https:\/\/www.evearly.news\/fr\/wp-json\/wp\/v2\/categories?post=280877"},{"taxonomy":"post_tag","embeddable":true,"href":"https:\/\/www.evearly.news\/fr\/wp-json\/wp\/v2\/tags?post=280877"}],"curies":[{"name":"wp","href":"https:\/\/api.w.org\/{rel}","templated":true}]}}