{"id":280896,"date":"2024-05-20T08:26:11","date_gmt":"2024-05-20T06:26:11","guid":{"rendered":"https:\/\/www.evearly.news\/fr\/discours-de-fin-de-mandat-pour-kadri-simson-la-commissaire-europeenne-a-lenergie\/"},"modified":"2024-05-20T08:26:11","modified_gmt":"2024-05-20T06:26:11","slug":"discours-de-fin-de-mandat-pour-kadri-simson-la-commissaire-europeenne-a-lenergie","status":"publish","type":"post","link":"https:\/\/www.evearly.news\/fr\/discours-de-fin-de-mandat-pour-kadri-simson-la-commissaire-europeenne-a-lenergie\/","title":{"rendered":"Discours de fin de mandat pour Kadri Simson, la Commissaire europ\u00e9enne \u00e0 l&rsquo;Energie"},"content":{"rendered":"<p><img decoding=\"async\" src=\"https:\/\/tecsol.blogs.com\/.a\/6a00d8341bfe5d53ef02dad0c3a4f3200d-580wi\" alt=\"Kadri Simson\"><br \/>Kadri Simson, Commissaire europ\u00e9enne \u00e0 l\u2019Energie, a rencontr\u00e9 le 14 mai dernier les parties prenantes de l\u2019industrie des \u00e9nergies renouvelables pour discuter de ce qui a \u00e9t\u00e9 r\u00e9alis\u00e9 dans le cadre du programme \u00ab REPowerEU \u00bb et des actions encore&#8230; <a href=\"https:\/\/feeds.feedblitz.com\/~\/896960075\/0\/tecsol~Discours-de-fin-de-mandat-pour-Kadri-Simson-la-Commissaire-europ%c3%a9enne-%c3%a0-lEnergie.html\" target='bwindow' rel=\"noopener\">Lire la suite&#8230;<\/a><\/p>\n","protected":false},"excerpt":{"rendered":"<p>&#8230; <a class=\"continue-reading-link\" href=\"https:\/\/www.evearly.news\/fr\/discours-de-fin-de-mandat-pour-kadri-simson-la-commissaire-europeenne-a-lenergie\/\"><\/a><\/p>\n","protected":false},"author":25,"featured_media":0,"comment_status":"closed","ping_status":"open","sticky":false,"template":"Default","format":"standard","meta":{"footnotes":""},"categories":[22],"tags":[],"class_list":["post-280896","post","type-post","status-publish","format-standard","hentry","category-tecsol"],"_links":{"self":[{"href":"https:\/\/www.evearly.news\/fr\/wp-json\/wp\/v2\/posts\/280896","targetHints":{"allow":["GET"]}}],"collection":[{"href":"https:\/\/www.evearly.news\/fr\/wp-json\/wp\/v2\/posts"}],"about":[{"href":"https:\/\/www.evearly.news\/fr\/wp-json\/wp\/v2\/types\/post"}],"author":[{"embeddable":true,"href":"https:\/\/www.evearly.news\/fr\/wp-json\/wp\/v2\/users\/25"}],"replies":[{"embeddable":true,"href":"https:\/\/www.evearly.news\/fr\/wp-json\/wp\/v2\/comments?post=280896"}],"version-history":[{"count":0,"href":"https:\/\/www.evearly.news\/fr\/wp-json\/wp\/v2\/posts\/280896\/revisions"}],"wp:attachment":[{"href":"https:\/\/www.evearly.news\/fr\/wp-json\/wp\/v2\/media?parent=280896"}],"wp:term":[{"taxonomy":"category","embeddable":true,"href":"https:\/\/www.evearly.news\/fr\/wp-json\/wp\/v2\/categories?post=280896"},{"taxonomy":"post_tag","embeddable":true,"href":"https:\/\/www.evearly.news\/fr\/wp-json\/wp\/v2\/tags?post=280896"}],"curies":[{"name":"wp","href":"https:\/\/api.w.org\/{rel}","templated":true}]}}