{"id":280899,"date":"2024-05-20T08:56:03","date_gmt":"2024-05-20T06:56:03","guid":{"rendered":"https:\/\/www.evearly.news\/fr\/volkswagen-id-buzz-cargo-economy-business-la-version-pro-qui-casse-les-prix\/"},"modified":"2024-05-20T08:56:03","modified_gmt":"2024-05-20T06:56:03","slug":"volkswagen-id-buzz-cargo-economy-business-la-version-pro-qui-casse-les-prix","status":"publish","type":"post","link":"https:\/\/www.evearly.news\/fr\/volkswagen-id-buzz-cargo-economy-business-la-version-pro-qui-casse-les-prix\/","title":{"rendered":"Volkswagen ID.Buzz Cargo Economy Business : la version pro qui casse les prix"},"content":{"rendered":"<div class=\"media_block\"><img decoding=\"async\" src=\"https:\/\/www.evearly.news\/fr\/wp-content\/uploads\/sites\/6\/2024\/05\/volkswagen-id-buzz-cargo-economy-business-la-version-pro-qui-casse-les-prix.jpg\"><\/div>\n<p>Oubliez la livr\u00e9e bicolore d\u00e9licieusement n\u00e9o-r\u00e9tro, place \u00e0 une carrosserie blanche, des boucliers en plastique gris et des jantes en t\u00f4le. Voici une version utilitaire d\u2019entr\u00e9e de gamme pour l\u2019ID. Buzz qui abaisse le prix \u00e0 43 500 \u20ac HT. <a href=\"https:\/\/www.automobile-magazine.fr\/utilitaires\/article\/42986-volkswagen-idbuzz-cargo-economy-business-la-version-pro-qui-casse-les-prix\" target='bwindow' rel=\"noopener\">Lire la suite&#8230;<\/a><\/p>\n","protected":false},"excerpt":{"rendered":"<div class=\"media_block\"><img decoding=\"async\" src=\"https:\/\/www.evearly.news\/fr\/wp-content\/uploads\/sites\/6\/2024\/05\/volkswagen-id-buzz-cargo-economy-business-la-version-pro-qui-casse-les-prix.jpg\"><\/div>\n<p> <a class=\"continue-reading-link\" href=\"https:\/\/www.evearly.news\/fr\/volkswagen-id-buzz-cargo-economy-business-la-version-pro-qui-casse-les-prix\/\"><\/a><\/p>\n","protected":false},"author":7,"featured_media":280900,"comment_status":"closed","ping_status":"open","sticky":false,"template":"Default","format":"standard","meta":{"footnotes":""},"categories":[7],"tags":[],"class_list":["post-280899","post","type-post","status-publish","format-standard","has-post-thumbnail","hentry","category-automobile-magazine"],"_links":{"self":[{"href":"https:\/\/www.evearly.news\/fr\/wp-json\/wp\/v2\/posts\/280899","targetHints":{"allow":["GET"]}}],"collection":[{"href":"https:\/\/www.evearly.news\/fr\/wp-json\/wp\/v2\/posts"}],"about":[{"href":"https:\/\/www.evearly.news\/fr\/wp-json\/wp\/v2\/types\/post"}],"author":[{"embeddable":true,"href":"https:\/\/www.evearly.news\/fr\/wp-json\/wp\/v2\/users\/7"}],"replies":[{"embeddable":true,"href":"https:\/\/www.evearly.news\/fr\/wp-json\/wp\/v2\/comments?post=280899"}],"version-history":[{"count":0,"href":"https:\/\/www.evearly.news\/fr\/wp-json\/wp\/v2\/posts\/280899\/revisions"}],"wp:featuredmedia":[{"embeddable":true,"href":"https:\/\/www.evearly.news\/fr\/wp-json\/wp\/v2\/media\/280900"}],"wp:attachment":[{"href":"https:\/\/www.evearly.news\/fr\/wp-json\/wp\/v2\/media?parent=280899"}],"wp:term":[{"taxonomy":"category","embeddable":true,"href":"https:\/\/www.evearly.news\/fr\/wp-json\/wp\/v2\/categories?post=280899"},{"taxonomy":"post_tag","embeddable":true,"href":"https:\/\/www.evearly.news\/fr\/wp-json\/wp\/v2\/tags?post=280899"}],"curies":[{"name":"wp","href":"https:\/\/api.w.org\/{rel}","templated":true}]}}