{"id":280901,"date":"2024-05-20T09:59:13","date_gmt":"2024-05-20T07:59:13","guid":{"rendered":"https:\/\/www.evearly.news\/fr\/saviez-vous-quil-existe-un-radar-qui-verbalise-meme-si-vous-respectez-la-vitesse\/"},"modified":"2024-05-20T09:59:13","modified_gmt":"2024-05-20T07:59:13","slug":"saviez-vous-quil-existe-un-radar-qui-verbalise-meme-si-vous-respectez-la-vitesse","status":"publish","type":"post","link":"https:\/\/www.evearly.news\/fr\/saviez-vous-quil-existe-un-radar-qui-verbalise-meme-si-vous-respectez-la-vitesse\/","title":{"rendered":"Saviez-vous qu\u2019il existe un radar qui verbalise m\u00eame si vous respectez la vitesse\u00a0?"},"content":{"rendered":"<p><img loading=\"lazy\" width=\"1400\" height=\"932\" src=\"https:\/\/www.evearly.news\/fr\/wp-content\/uploads\/sites\/6\/2024\/05\/saviez-vous-quil-existe-un-radar-qui-verbalise-meme-si-vous-respectez-la-vitesse.jpg\" class=\"attachment-full size-full wp-post-image\" alt=\"Radar hydre\" decoding=\"async\" srcset=\"https:\/\/www.evearly.news\/fr\/wp-content\/uploads\/sites\/6\/2024\/05\/saviez-vous-quil-existe-un-radar-qui-verbalise-meme-si-vous-respectez-la-vitesse.jpg 1400w, https:\/\/www.evearly.news\/fr\/wp-content\/uploads\/sites\/6\/2024\/05\/saviez-vous-quil-existe-un-radar-qui-verbalise-meme-si-vous-respectez-la-vitesse-1.jpg 505w, https:\/\/www.evearly.news\/fr\/wp-content\/uploads\/sites\/6\/2024\/05\/saviez-vous-quil-existe-un-radar-qui-verbalise-meme-si-vous-respectez-la-vitesse-2.jpg 1024w, https:\/\/www.presse-citron.net\/app\/uploads\/2023\/07\/hydre1-50x33.jpg 50w\" sizes=\"auto, (max-width: 1400px) 100vw, 1400px\"><\/p>\n<p>Apr\u00e8s une phase d&rsquo;exp\u00e9rimentation, ce nouveau type de radar pourrait \u00eatre d\u00e9ploy\u00e9 \u00e0 grande \u00e9chelle d&rsquo;ici \u00e0 fin d&rsquo;ann\u00e9e.<a href=\"https:\/\/www.presse-citron.net\/saviez-vous-quil-existe-un-radar-qui-verbalise-meme-si-vous-respectez-la-vitesse\/\" target=\"blank\" rel=\"noopener\"> Lire la suite&#8230;<\/a><\/p>\n","protected":false},"excerpt":{"rendered":"<p>Apr\u00e8s une phase d&rsquo;exp\u00e9rimentation, ce nouveau type de radar pourrait \u00eatre d\u00e9ploy\u00e9 \u00e0 grande \u00e9chelle d&rsquo;ici \u00e0 fin d&rsquo;ann\u00e9e&#8230;. <a class=\"continue-reading-link\" href=\"https:\/\/www.evearly.news\/fr\/saviez-vous-quil-existe-un-radar-qui-verbalise-meme-si-vous-respectez-la-vitesse\/\"><\/a><\/p>\n","protected":false},"author":18,"featured_media":280902,"comment_status":"closed","ping_status":"open","sticky":false,"template":"Default","format":"standard","meta":{"footnotes":""},"categories":[19],"tags":[],"class_list":["post-280901","post","type-post","status-publish","format-standard","has-post-thumbnail","hentry","category-presse-citron"],"_links":{"self":[{"href":"https:\/\/www.evearly.news\/fr\/wp-json\/wp\/v2\/posts\/280901","targetHints":{"allow":["GET"]}}],"collection":[{"href":"https:\/\/www.evearly.news\/fr\/wp-json\/wp\/v2\/posts"}],"about":[{"href":"https:\/\/www.evearly.news\/fr\/wp-json\/wp\/v2\/types\/post"}],"author":[{"embeddable":true,"href":"https:\/\/www.evearly.news\/fr\/wp-json\/wp\/v2\/users\/18"}],"replies":[{"embeddable":true,"href":"https:\/\/www.evearly.news\/fr\/wp-json\/wp\/v2\/comments?post=280901"}],"version-history":[{"count":0,"href":"https:\/\/www.evearly.news\/fr\/wp-json\/wp\/v2\/posts\/280901\/revisions"}],"wp:featuredmedia":[{"embeddable":true,"href":"https:\/\/www.evearly.news\/fr\/wp-json\/wp\/v2\/media\/280902"}],"wp:attachment":[{"href":"https:\/\/www.evearly.news\/fr\/wp-json\/wp\/v2\/media?parent=280901"}],"wp:term":[{"taxonomy":"category","embeddable":true,"href":"https:\/\/www.evearly.news\/fr\/wp-json\/wp\/v2\/categories?post=280901"},{"taxonomy":"post_tag","embeddable":true,"href":"https:\/\/www.evearly.news\/fr\/wp-json\/wp\/v2\/tags?post=280901"}],"curies":[{"name":"wp","href":"https:\/\/api.w.org\/{rel}","templated":true}]}}