{"id":280903,"date":"2024-05-20T10:00:09","date_gmt":"2024-05-20T08:00:09","guid":{"rendered":"https:\/\/www.evearly.news\/fr\/vers-une-fin-des-heures-creuses-la-nuit-en-france-enedis-pourrait-bouleverser-ce-systeme-avantageux-pour-les-consommateurs\/"},"modified":"2024-05-20T10:00:09","modified_gmt":"2024-05-20T08:00:09","slug":"vers-une-fin-des-heures-creuses-la-nuit-en-france-enedis-pourrait-bouleverser-ce-systeme-avantageux-pour-les-consommateurs","status":"publish","type":"post","link":"https:\/\/www.evearly.news\/fr\/vers-une-fin-des-heures-creuses-la-nuit-en-france-enedis-pourrait-bouleverser-ce-systeme-avantageux-pour-les-consommateurs\/","title":{"rendered":"Vers une fin des heures creuses la nuit en France ? Enedis pourrait bouleverser ce syst\u00e8me avantageux pour les consommateurs"},"content":{"rendered":"<p><img width=\"1200\" height=\"902\" src=\"https:\/\/www.evearly.news\/fr\/wp-content\/uploads\/sites\/6\/2024\/05\/vers-une-fin-des-heures-creuses-la-nuit-en-france-enedis-pourrait-bouleverser-ce-systeme-avantageux-pour-les-consommateurs.jpg\" class=\"attachment-large size-large wp-post-image\" alt=\"\" decoding=\"async\" loading=\"lazy\" \/<br \/>G\u00e9n\u00e9ralement en pleine nuit, les heures creuses pourraient bient\u00f4t \u00eatre d\u00e9plac\u00e9es en journ\u00e9e afin de s\u2019adapter \u00e0 la production d&rsquo;\u00e9lectricit\u00e9 d&rsquo;origine solaire. Ce qui risque de poser un vrai probl\u00e8me aux propri\u00e9taires de voitures \u00e9lectriques qui se rechargent le soir. <a href=\"https:\/\/www.frandroid.com\/survoltes\/energie\/2025122_vers-une-fin-des-heures-creuses-la-nuit-en-france-enedis-pourrait-bouleverser-ce-systeme-avantageux-pour-les-consommateurs\" target='bwindow' rel=\"noopener\">Lire la suite&#8230;<\/a><\/p>\n","protected":false},"excerpt":{"rendered":"<p>&lt;img width=&quot;1200&quot; height=&quot;902&quot; src=&quot;https:\/\/www.evearly.news\/fr\/wp-content\/uploads\/sites\/6\/2024\/05\/vers-une-fin-des-heures-creuses-la-nuit-en-france-enedis-pourrait-bouleverser-ce-systeme-avantageux-pour-les-consommateurs.jpg&quot; class=&quot;attachment-large size-large wp-post-image&quot; alt=&quot;&quot; decoding=&quot;async&quot; loading=&quot;lazy&quot; \/<br \/>G\u00e9n\u00e9ralement en pleine nuit, les heures creuses pourraient bient\u00f4t \u00eatre d\u00e9plac\u00e9es en journ\u00e9e afin de s\u2019adapter \u00e0 la production d&rsquo;\u00e9lectricit\u00e9 d&rsquo;origine solaire. Ce qui risque de poser un vrai probl\u00e8me aux propri\u00e9taires de voitures \u00e9lectriques qui se rechargent le soir.<\/p>\n<p> <a class=\"continue-reading-link\" href=\"https:\/\/www.evearly.news\/fr\/vers-une-fin-des-heures-creuses-la-nuit-en-france-enedis-pourrait-bouleverser-ce-systeme-avantageux-pour-les-consommateurs\/\"><\/a><\/p>\n","protected":false},"author":6,"featured_media":280904,"comment_status":"closed","ping_status":"open","sticky":false,"template":"Default","format":"standard","meta":{"footnotes":""},"categories":[14],"tags":[],"class_list":["post-280903","post","type-post","status-publish","format-standard","has-post-thumbnail","hentry","category-frandroid"],"_links":{"self":[{"href":"https:\/\/www.evearly.news\/fr\/wp-json\/wp\/v2\/posts\/280903","targetHints":{"allow":["GET"]}}],"collection":[{"href":"https:\/\/www.evearly.news\/fr\/wp-json\/wp\/v2\/posts"}],"about":[{"href":"https:\/\/www.evearly.news\/fr\/wp-json\/wp\/v2\/types\/post"}],"author":[{"embeddable":true,"href":"https:\/\/www.evearly.news\/fr\/wp-json\/wp\/v2\/users\/6"}],"replies":[{"embeddable":true,"href":"https:\/\/www.evearly.news\/fr\/wp-json\/wp\/v2\/comments?post=280903"}],"version-history":[{"count":0,"href":"https:\/\/www.evearly.news\/fr\/wp-json\/wp\/v2\/posts\/280903\/revisions"}],"wp:featuredmedia":[{"embeddable":true,"href":"https:\/\/www.evearly.news\/fr\/wp-json\/wp\/v2\/media\/280904"}],"wp:attachment":[{"href":"https:\/\/www.evearly.news\/fr\/wp-json\/wp\/v2\/media?parent=280903"}],"wp:term":[{"taxonomy":"category","embeddable":true,"href":"https:\/\/www.evearly.news\/fr\/wp-json\/wp\/v2\/categories?post=280903"},{"taxonomy":"post_tag","embeddable":true,"href":"https:\/\/www.evearly.news\/fr\/wp-json\/wp\/v2\/tags?post=280903"}],"curies":[{"name":"wp","href":"https:\/\/api.w.org\/{rel}","templated":true}]}}