{"id":280905,"date":"2024-05-20T10:21:11","date_gmt":"2024-05-20T08:21:11","guid":{"rendered":"https:\/\/www.evearly.news\/fr\/son-dernier-modele-electrique-se-vend-mal-ce-constructeur-prend-une-decision-radicale\/"},"modified":"2024-05-20T10:21:11","modified_gmt":"2024-05-20T08:21:11","slug":"son-dernier-modele-electrique-se-vend-mal-ce-constructeur-prend-une-decision-radicale","status":"publish","type":"post","link":"https:\/\/www.evearly.news\/fr\/son-dernier-modele-electrique-se-vend-mal-ce-constructeur-prend-une-decision-radicale\/","title":{"rendered":"Son dernier mod\u00e8le \u00e9lectrique se vend mal, ce constructeur prend une d\u00e9cision radicale"},"content":{"rendered":"<p><img decoding=\"async\" width=\"500\" height=\"333\" src=\"https:\/\/www.evearly.news\/fr\/wp-content\/uploads\/sites\/6\/2024\/05\/son-dernier-modele-electrique-se-vend-mal-ce-constructeur-prend-une-decision-radicale.jpg\" class=\"attachment-1200x800 size-1200x800 wp-post-image\" alt=\"\" loading=\"lazy\" srcset=\"https:\/\/www.evearly.news\/fr\/wp-content\/uploads\/sites\/6\/2024\/05\/son-dernier-modele-electrique-se-vend-mal-ce-constructeur-prend-une-decision-radicale.jpg 1920w, https:\/\/www.evearly.news\/fr\/wp-content\/uploads\/sites\/6\/2024\/05\/son-dernier-modele-electrique-se-vend-mal-ce-constructeur-prend-une-decision-radicale-1.jpg 1640w, https:\/\/www.evearly.news\/fr\/wp-content\/uploads\/sites\/6\/2024\/05\/son-dernier-modele-electrique-se-vend-mal-ce-constructeur-prend-une-decision-radicale-2.jpg 1024w, https:\/\/www.evearly.news\/fr\/wp-content\/uploads\/sites\/6\/2024\/05\/son-dernier-modele-electrique-se-vend-mal-ce-constructeur-prend-une-decision-radicale-3.jpg 768w, https:\/\/www.evearly.news\/fr\/wp-content\/uploads\/sites\/6\/2024\/05\/son-dernier-modele-electrique-se-vend-mal-ce-constructeur-prend-une-decision-radicale-4.jpg 1536w, https:\/\/cdn.automobile-propre.com\/uploads\/2024\/02\/li-auto-mega-620x311.jpeg 620w\" sizes=\"auto, (max-width: 1200px) 100vw, 1200px\" \/><br \/>\nDisponible \u00e0 la commande depuis quelques mois, le Li Mega ne rencontre pas le succ\u00e8s escompt\u00e9. Pour ne pas se\u2026\u00a0<a href=\"https:\/\/www.automobile-propre.com\/a-cause-du-mauvais-demarrage-de-son-monospace-electrique-li-auto-prend-une-decision-radicale\/\" target='bwindow' rel=\"noopener\">Lire la suite&#8230;<\/a><\/p>\n","protected":false},"excerpt":{"rendered":"<p>&#8230; <a class=\"continue-reading-link\" href=\"https:\/\/www.evearly.news\/fr\/son-dernier-modele-electrique-se-vend-mal-ce-constructeur-prend-une-decision-radicale\/\"><\/a><\/p>\n","protected":false},"author":8,"featured_media":280906,"comment_status":"closed","ping_status":"open","sticky":false,"template":"Default","format":"standard","meta":{"footnotes":""},"categories":[8],"tags":[],"class_list":["post-280905","post","type-post","status-publish","format-standard","has-post-thumbnail","hentry","category-automobile-propre"],"_links":{"self":[{"href":"https:\/\/www.evearly.news\/fr\/wp-json\/wp\/v2\/posts\/280905","targetHints":{"allow":["GET"]}}],"collection":[{"href":"https:\/\/www.evearly.news\/fr\/wp-json\/wp\/v2\/posts"}],"about":[{"href":"https:\/\/www.evearly.news\/fr\/wp-json\/wp\/v2\/types\/post"}],"author":[{"embeddable":true,"href":"https:\/\/www.evearly.news\/fr\/wp-json\/wp\/v2\/users\/8"}],"replies":[{"embeddable":true,"href":"https:\/\/www.evearly.news\/fr\/wp-json\/wp\/v2\/comments?post=280905"}],"version-history":[{"count":0,"href":"https:\/\/www.evearly.news\/fr\/wp-json\/wp\/v2\/posts\/280905\/revisions"}],"wp:featuredmedia":[{"embeddable":true,"href":"https:\/\/www.evearly.news\/fr\/wp-json\/wp\/v2\/media\/280906"}],"wp:attachment":[{"href":"https:\/\/www.evearly.news\/fr\/wp-json\/wp\/v2\/media?parent=280905"}],"wp:term":[{"taxonomy":"category","embeddable":true,"href":"https:\/\/www.evearly.news\/fr\/wp-json\/wp\/v2\/categories?post=280905"},{"taxonomy":"post_tag","embeddable":true,"href":"https:\/\/www.evearly.news\/fr\/wp-json\/wp\/v2\/tags?post=280905"}],"curies":[{"name":"wp","href":"https:\/\/api.w.org\/{rel}","templated":true}]}}