{"id":280907,"date":"2024-05-20T10:54:17","date_gmt":"2024-05-20T08:54:17","guid":{"rendered":"https:\/\/www.evearly.news\/fr\/ce-chargeur-pourrait-faire-baisser-le-prix-des-reparations-des-voitures-electriques\/"},"modified":"2024-05-20T10:54:17","modified_gmt":"2024-05-20T08:54:17","slug":"ce-chargeur-pourrait-faire-baisser-le-prix-des-reparations-des-voitures-electriques","status":"publish","type":"post","link":"https:\/\/www.evearly.news\/fr\/ce-chargeur-pourrait-faire-baisser-le-prix-des-reparations-des-voitures-electriques\/","title":{"rendered":"Ce chargeur pourrait faire baisser le prix des r\u00e9parations des voitures \u00e9lectriques"},"content":{"rendered":"<p><img width=\"1200\" height=\"800\" src=\"https:\/\/www.evearly.news\/fr\/wp-content\/uploads\/sites\/6\/2024\/05\/ce-chargeur-pourrait-faire-baisser-le-prix-des-reparations-des-voitures-electriques.jpg\" class=\"attachment-large size-large wp-post-image\" alt=\"\" decoding=\"async\" loading=\"lazy\" \/<br \/>L\u2019entreprise allemande Mahle a mis au point une solution permettant de diagnostiquer une batterie de voiture \u00e9lectrique en seulement 15 minutes pour conna\u00eetre son \u00e9tat. De quoi r\u00e9duire les co\u00fbts de r\u00e9paration, et \u00e9viter la mise \u00e0 la casse dans certains cas. <a href=\"https:\/\/www.frandroid.com\/survoltes\/voitures-electriques\/2025114_ce-chargeur-pourrait-faire-baisser-le-prix-des-reparations-des-voitures-electriques\" target='bwindow' rel=\"noopener\">Lire la suite&#8230;<\/a><\/p>\n","protected":false},"excerpt":{"rendered":"<p>&lt;img width=&quot;1200&quot; height=&quot;800&quot; src=&quot;https:\/\/www.evearly.news\/fr\/wp-content\/uploads\/sites\/6\/2024\/05\/ce-chargeur-pourrait-faire-baisser-le-prix-des-reparations-des-voitures-electriques.jpg&quot; class=&quot;attachment-large size-large wp-post-image&quot; alt=&quot;&quot; decoding=&quot;async&quot; loading=&quot;lazy&quot; \/<br \/>L\u2019entreprise allemande Mahle a mis au point une solution permettant de diagnostiquer une batterie de voiture \u00e9lectrique en seulement 15 minutes pour conna\u00eetre son \u00e9tat. De quoi r\u00e9duire les co\u00fbts de r\u00e9paration, et \u00e9viter la mise \u00e0 la casse dans certains cas.<\/p>\n<p> <a class=\"continue-reading-link\" href=\"https:\/\/www.evearly.news\/fr\/ce-chargeur-pourrait-faire-baisser-le-prix-des-reparations-des-voitures-electriques\/\"><\/a><\/p>\n","protected":false},"author":6,"featured_media":280908,"comment_status":"closed","ping_status":"open","sticky":false,"template":"Default","format":"standard","meta":{"footnotes":""},"categories":[14],"tags":[],"class_list":["post-280907","post","type-post","status-publish","format-standard","has-post-thumbnail","hentry","category-frandroid"],"_links":{"self":[{"href":"https:\/\/www.evearly.news\/fr\/wp-json\/wp\/v2\/posts\/280907","targetHints":{"allow":["GET"]}}],"collection":[{"href":"https:\/\/www.evearly.news\/fr\/wp-json\/wp\/v2\/posts"}],"about":[{"href":"https:\/\/www.evearly.news\/fr\/wp-json\/wp\/v2\/types\/post"}],"author":[{"embeddable":true,"href":"https:\/\/www.evearly.news\/fr\/wp-json\/wp\/v2\/users\/6"}],"replies":[{"embeddable":true,"href":"https:\/\/www.evearly.news\/fr\/wp-json\/wp\/v2\/comments?post=280907"}],"version-history":[{"count":0,"href":"https:\/\/www.evearly.news\/fr\/wp-json\/wp\/v2\/posts\/280907\/revisions"}],"wp:featuredmedia":[{"embeddable":true,"href":"https:\/\/www.evearly.news\/fr\/wp-json\/wp\/v2\/media\/280908"}],"wp:attachment":[{"href":"https:\/\/www.evearly.news\/fr\/wp-json\/wp\/v2\/media?parent=280907"}],"wp:term":[{"taxonomy":"category","embeddable":true,"href":"https:\/\/www.evearly.news\/fr\/wp-json\/wp\/v2\/categories?post=280907"},{"taxonomy":"post_tag","embeddable":true,"href":"https:\/\/www.evearly.news\/fr\/wp-json\/wp\/v2\/tags?post=280907"}],"curies":[{"name":"wp","href":"https:\/\/api.w.org\/{rel}","templated":true}]}}