{"id":280943,"date":"2024-05-20T17:21:10","date_gmt":"2024-05-20T15:21:10","guid":{"rendered":"https:\/\/www.evearly.news\/fr\/video-peugeot-e-3008-vs-renault-scenic-e-tech-le-duel-des-suv-electriques-made-in-france\/"},"modified":"2024-05-20T17:21:10","modified_gmt":"2024-05-20T15:21:10","slug":"video-peugeot-e-3008-vs-renault-scenic-e-tech-le-duel-des-suv-electriques-made-in-france","status":"publish","type":"post","link":"https:\/\/www.evearly.news\/fr\/video-peugeot-e-3008-vs-renault-scenic-e-tech-le-duel-des-suv-electriques-made-in-france\/","title":{"rendered":"Vid\u00e9o \u2013 Peugeot e-3008 vs Renault Scenic E-Tech : le duel des SUV \u00e9lectriques made in France !"},"content":{"rendered":"<p><img decoding=\"async\" width=\"500\" height=\"333\" src=\"https:\/\/www.evearly.news\/fr\/wp-content\/uploads\/sites\/6\/2024\/05\/video-peugeot-e-3008-vs-renault-scenic-e-tech-le-duel-des-suv-electriques-made-in-france.png\" class=\"attachment-1200x800 size-1200x800 wp-post-image\" alt=\"\" loading=\"lazy\" srcset=\"https:\/\/www.evearly.news\/fr\/wp-content\/uploads\/sites\/6\/2024\/05\/video-peugeot-e-3008-vs-renault-scenic-e-tech-le-duel-des-suv-electriques-made-in-france.png 1680w, https:\/\/www.evearly.news\/fr\/wp-content\/uploads\/sites\/6\/2024\/05\/video-peugeot-e-3008-vs-renault-scenic-e-tech-le-duel-des-suv-electriques-made-in-france-1.png 1640w, https:\/\/www.evearly.news\/fr\/wp-content\/uploads\/sites\/6\/2024\/05\/video-peugeot-e-3008-vs-renault-scenic-e-tech-le-duel-des-suv-electriques-made-in-france-2.png 1024w, https:\/\/www.evearly.news\/fr\/wp-content\/uploads\/sites\/6\/2024\/05\/video-peugeot-e-3008-vs-renault-scenic-e-tech-le-duel-des-suv-electriques-made-in-france-3.png 768w, https:\/\/www.evearly.news\/fr\/wp-content\/uploads\/sites\/6\/2024\/05\/video-peugeot-e-3008-vs-renault-scenic-e-tech-le-duel-des-suv-electriques-made-in-france-4.png 1536w, https:\/\/cdn.automobile-propre.com\/uploads\/2024\/05\/Peugeot-e-3008-vs-Renault-Scenic-e-tech-551x413.png 551w\" sizes=\"auto, (max-width: 1067px) 100vw, 1067px\" \/><br \/>\n\ufeff\ufeff Les foyers qui souhaitent privil\u00e9gier le Made in France pour leur voiture familiale \u00e9lectrique peuvent h\u00e9siter entre le Peugeot\u2026\u00a0<a href=\"https:\/\/www.automobile-propre.com\/video-peugeot-e-3008-vs-renault-scenic-e-tech-le-duel-des-suv-electriques-made-in-france\/\" target='bwindow' rel=\"noopener\">Lire la suite&#8230;<\/a><\/p>\n","protected":false},"excerpt":{"rendered":"<p>&#8230; <a class=\"continue-reading-link\" href=\"https:\/\/www.evearly.news\/fr\/video-peugeot-e-3008-vs-renault-scenic-e-tech-le-duel-des-suv-electriques-made-in-france\/\"><\/a><\/p>\n","protected":false},"author":8,"featured_media":280944,"comment_status":"closed","ping_status":"open","sticky":false,"template":"Default","format":"standard","meta":{"footnotes":""},"categories":[8],"tags":[],"class_list":["post-280943","post","type-post","status-publish","format-standard","has-post-thumbnail","hentry","category-automobile-propre"],"_links":{"self":[{"href":"https:\/\/www.evearly.news\/fr\/wp-json\/wp\/v2\/posts\/280943","targetHints":{"allow":["GET"]}}],"collection":[{"href":"https:\/\/www.evearly.news\/fr\/wp-json\/wp\/v2\/posts"}],"about":[{"href":"https:\/\/www.evearly.news\/fr\/wp-json\/wp\/v2\/types\/post"}],"author":[{"embeddable":true,"href":"https:\/\/www.evearly.news\/fr\/wp-json\/wp\/v2\/users\/8"}],"replies":[{"embeddable":true,"href":"https:\/\/www.evearly.news\/fr\/wp-json\/wp\/v2\/comments?post=280943"}],"version-history":[{"count":0,"href":"https:\/\/www.evearly.news\/fr\/wp-json\/wp\/v2\/posts\/280943\/revisions"}],"wp:featuredmedia":[{"embeddable":true,"href":"https:\/\/www.evearly.news\/fr\/wp-json\/wp\/v2\/media\/280944"}],"wp:attachment":[{"href":"https:\/\/www.evearly.news\/fr\/wp-json\/wp\/v2\/media?parent=280943"}],"wp:term":[{"taxonomy":"category","embeddable":true,"href":"https:\/\/www.evearly.news\/fr\/wp-json\/wp\/v2\/categories?post=280943"},{"taxonomy":"post_tag","embeddable":true,"href":"https:\/\/www.evearly.news\/fr\/wp-json\/wp\/v2\/tags?post=280943"}],"curies":[{"name":"wp","href":"https:\/\/api.w.org\/{rel}","templated":true}]}}