{"id":280953,"date":"2024-05-20T21:27:21","date_gmt":"2024-05-20T19:27:21","guid":{"rendered":"https:\/\/www.evearly.news\/fr\/formation-letincelle-a-declare-sa-flamme-a-la-formation-photovoltaique\/"},"modified":"2024-05-20T21:27:21","modified_gmt":"2024-05-20T19:27:21","slug":"formation-letincelle-a-declare-sa-flamme-a-la-formation-photovoltaique","status":"publish","type":"post","link":"https:\/\/www.evearly.news\/fr\/formation-letincelle-a-declare-sa-flamme-a-la-formation-photovoltaique\/","title":{"rendered":"Formation \/ L\u2019Etincelle a d\u00e9clar\u00e9 sa flamme \u00e0 la formation photovolta\u00efque"},"content":{"rendered":"<p><img decoding=\"async\" src=\"https:\/\/tecsol.blogs.com\/.a\/6a00d8341bfe5d53ef02c8d3b38f1e200b-580wi\" alt=\"Fondateurs-LEtincelle\"><br \/>Ils sont trois jeunes gar\u00e7ons dans le vent, Paul Munos, 29 ans, Xavier Fraysse, 28 ans, Geoffrey Poirrier, 26 ans. Trois t\u00eates bien faites \u00e0 la vocation entrepreneuriale affirm\u00e9e. Apr\u00e8s avoir \u0153uvr\u00e9 dans des start-ups, ces trois potes cr\u00e9ent en&#8230; <a href=\"https:\/\/feeds.feedblitz.com\/~\/897118949\/0\/tecsol~Formation-L%e2%80%99Etincelle-a-d%c3%a9clar%c3%a9-sa-flamme-%c3%a0-la-formation-photovolta%c3%afque.html\" target='bwindow' rel=\"noopener\">Lire la suite&#8230;<\/a><\/p>\n","protected":false},"excerpt":{"rendered":"<p>&#8230; <a class=\"continue-reading-link\" href=\"https:\/\/www.evearly.news\/fr\/formation-letincelle-a-declare-sa-flamme-a-la-formation-photovoltaique\/\"><\/a><\/p>\n","protected":false},"author":25,"featured_media":0,"comment_status":"closed","ping_status":"open","sticky":false,"template":"Default","format":"standard","meta":{"footnotes":""},"categories":[22],"tags":[],"class_list":["post-280953","post","type-post","status-publish","format-standard","hentry","category-tecsol"],"_links":{"self":[{"href":"https:\/\/www.evearly.news\/fr\/wp-json\/wp\/v2\/posts\/280953","targetHints":{"allow":["GET"]}}],"collection":[{"href":"https:\/\/www.evearly.news\/fr\/wp-json\/wp\/v2\/posts"}],"about":[{"href":"https:\/\/www.evearly.news\/fr\/wp-json\/wp\/v2\/types\/post"}],"author":[{"embeddable":true,"href":"https:\/\/www.evearly.news\/fr\/wp-json\/wp\/v2\/users\/25"}],"replies":[{"embeddable":true,"href":"https:\/\/www.evearly.news\/fr\/wp-json\/wp\/v2\/comments?post=280953"}],"version-history":[{"count":0,"href":"https:\/\/www.evearly.news\/fr\/wp-json\/wp\/v2\/posts\/280953\/revisions"}],"wp:attachment":[{"href":"https:\/\/www.evearly.news\/fr\/wp-json\/wp\/v2\/media?parent=280953"}],"wp:term":[{"taxonomy":"category","embeddable":true,"href":"https:\/\/www.evearly.news\/fr\/wp-json\/wp\/v2\/categories?post=280953"},{"taxonomy":"post_tag","embeddable":true,"href":"https:\/\/www.evearly.news\/fr\/wp-json\/wp\/v2\/tags?post=280953"}],"curies":[{"name":"wp","href":"https:\/\/api.w.org\/{rel}","templated":true}]}}