{"id":280984,"date":"2024-05-21T12:28:00","date_gmt":"2024-05-21T10:28:00","guid":{"rendered":"https:\/\/www.evearly.news\/fr\/prix-renault-5-e-tech-electrique-2024-les-premiers-tarifs-officiels-sont-la\/"},"modified":"2024-05-21T12:28:00","modified_gmt":"2024-05-21T10:28:00","slug":"prix-renault-5-e-tech-electrique-2024-les-premiers-tarifs-officiels-sont-la","status":"publish","type":"post","link":"https:\/\/www.evearly.news\/fr\/prix-renault-5-e-tech-electrique-2024-les-premiers-tarifs-officiels-sont-la\/","title":{"rendered":"Prix Renault 5 E-Tech \u00e9lectrique 2024 : les premiers tarifs officiels sont l\u00e0 !"},"content":{"rendered":"<div class=\"media_block\"><img decoding=\"async\" src=\"https:\/\/www.evearly.news\/fr\/wp-content\/uploads\/sites\/6\/2024\/05\/prix-renault-5-e-tech-electrique-2024-les-premiers-tarifs-officiels-sont-la.jpg\"><\/div>\n<p>Renault vient de d\u00e9voiler les prix de la nouvelle R5 E-Tech electric ! Pour l\u2019instant, il faut se contenter des tarifs de la version 52 kWh, soit la plus grosse des deux batteries annonc\u00e9es sous le plancher de la citadine \u00e9lectrique fran\u00e7aise. <a href=\"https:\/\/www.automobile-magazine.fr\/voitures-electriques\/article\/43022-prix-renault-5-e-tech-electrique-2024-les-premiers-tarifs-officiels-sont-la\" target='bwindow' rel=\"noopener\">Lire la suite&#8230;<\/a><\/p>\n","protected":false},"excerpt":{"rendered":"<div class=\"media_block\"><img decoding=\"async\" src=\"https:\/\/www.evearly.news\/fr\/wp-content\/uploads\/sites\/6\/2024\/05\/prix-renault-5-e-tech-electrique-2024-les-premiers-tarifs-officiels-sont-la.jpg\"><\/div>\n<p> <a class=\"continue-reading-link\" href=\"https:\/\/www.evearly.news\/fr\/prix-renault-5-e-tech-electrique-2024-les-premiers-tarifs-officiels-sont-la\/\"><\/a><\/p>\n","protected":false},"author":7,"featured_media":280985,"comment_status":"closed","ping_status":"open","sticky":false,"template":"Default","format":"standard","meta":{"footnotes":""},"categories":[7],"tags":[],"class_list":["post-280984","post","type-post","status-publish","format-standard","has-post-thumbnail","hentry","category-automobile-magazine"],"_links":{"self":[{"href":"https:\/\/www.evearly.news\/fr\/wp-json\/wp\/v2\/posts\/280984","targetHints":{"allow":["GET"]}}],"collection":[{"href":"https:\/\/www.evearly.news\/fr\/wp-json\/wp\/v2\/posts"}],"about":[{"href":"https:\/\/www.evearly.news\/fr\/wp-json\/wp\/v2\/types\/post"}],"author":[{"embeddable":true,"href":"https:\/\/www.evearly.news\/fr\/wp-json\/wp\/v2\/users\/7"}],"replies":[{"embeddable":true,"href":"https:\/\/www.evearly.news\/fr\/wp-json\/wp\/v2\/comments?post=280984"}],"version-history":[{"count":0,"href":"https:\/\/www.evearly.news\/fr\/wp-json\/wp\/v2\/posts\/280984\/revisions"}],"wp:featuredmedia":[{"embeddable":true,"href":"https:\/\/www.evearly.news\/fr\/wp-json\/wp\/v2\/media\/280985"}],"wp:attachment":[{"href":"https:\/\/www.evearly.news\/fr\/wp-json\/wp\/v2\/media?parent=280984"}],"wp:term":[{"taxonomy":"category","embeddable":true,"href":"https:\/\/www.evearly.news\/fr\/wp-json\/wp\/v2\/categories?post=280984"},{"taxonomy":"post_tag","embeddable":true,"href":"https:\/\/www.evearly.news\/fr\/wp-json\/wp\/v2\/tags?post=280984"}],"curies":[{"name":"wp","href":"https:\/\/api.w.org\/{rel}","templated":true}]}}