{"id":280994,"date":"2024-05-21T13:21:06","date_gmt":"2024-05-21T11:21:06","guid":{"rendered":"https:\/\/www.evearly.news\/fr\/essai-video-citroen-e-c3-2024-adieu-la-dacia-spring\/"},"modified":"2024-05-21T13:21:06","modified_gmt":"2024-05-21T11:21:06","slug":"essai-video-citroen-e-c3-2024-adieu-la-dacia-spring","status":"publish","type":"post","link":"https:\/\/www.evearly.news\/fr\/essai-video-citroen-e-c3-2024-adieu-la-dacia-spring\/","title":{"rendered":"Essai Vid\u00e9o \u2013 Citro\u00ebn \u00eb-C3 2024 : adieu la Dacia Spring !"},"content":{"rendered":"<p><img decoding=\"async\" width=\"500\" height=\"333\" src=\"https:\/\/www.evearly.news\/fr\/wp-content\/uploads\/sites\/6\/2024\/05\/essai-video-citroen-e-c3-2024-adieu-la-dacia-spring.png\" class=\"attachment-1200x800 size-1200x800 wp-post-image\" alt=\"\" loading=\"lazy\" srcset=\"https:\/\/www.evearly.news\/fr\/wp-content\/uploads\/sites\/6\/2024\/05\/essai-video-citroen-e-c3-2024-adieu-la-dacia-spring.png 1680w, https:\/\/www.evearly.news\/fr\/wp-content\/uploads\/sites\/6\/2024\/05\/essai-video-citroen-e-c3-2024-adieu-la-dacia-spring-1.png 1640w, https:\/\/www.evearly.news\/fr\/wp-content\/uploads\/sites\/6\/2024\/05\/essai-video-citroen-e-c3-2024-adieu-la-dacia-spring-2.png 1024w, https:\/\/www.evearly.news\/fr\/wp-content\/uploads\/sites\/6\/2024\/05\/essai-video-citroen-e-c3-2024-adieu-la-dacia-spring-3.png 768w, https:\/\/www.evearly.news\/fr\/wp-content\/uploads\/sites\/6\/2024\/05\/essai-video-citroen-e-c3-2024-adieu-la-dacia-spring-4.png 1536w, https:\/\/cdn.automobile-propre.com\/uploads\/2024\/05\/Essai-Citroen-e-c3-551x413.png 551w\" sizes=\"auto, (max-width: 1067px) 100vw, 1067px\" \/><br \/>\n\ufeff Depuis sa r\u00e9v\u00e9lation, la Citro\u00ebn \u00eb-C3 est attendue par nombre d\u2019\u00e9lectromobilistes en qu\u00eate d\u2019une citadine \u00e9lectrique plus aboutie que\u2026\u00a0<a href=\"https:\/\/www.automobile-propre.com\/essai-video-citroen-e-c3-2024-adieu-la-dacia-spring\/\" target='bwindow' rel=\"noopener\">Lire la suite&#8230;<\/a><\/p>\n","protected":false},"excerpt":{"rendered":"<p>&#8230; <a class=\"continue-reading-link\" href=\"https:\/\/www.evearly.news\/fr\/essai-video-citroen-e-c3-2024-adieu-la-dacia-spring\/\"><\/a><\/p>\n","protected":false},"author":8,"featured_media":280995,"comment_status":"closed","ping_status":"open","sticky":false,"template":"Default","format":"standard","meta":{"footnotes":""},"categories":[8],"tags":[],"class_list":["post-280994","post","type-post","status-publish","format-standard","has-post-thumbnail","hentry","category-automobile-propre"],"_links":{"self":[{"href":"https:\/\/www.evearly.news\/fr\/wp-json\/wp\/v2\/posts\/280994","targetHints":{"allow":["GET"]}}],"collection":[{"href":"https:\/\/www.evearly.news\/fr\/wp-json\/wp\/v2\/posts"}],"about":[{"href":"https:\/\/www.evearly.news\/fr\/wp-json\/wp\/v2\/types\/post"}],"author":[{"embeddable":true,"href":"https:\/\/www.evearly.news\/fr\/wp-json\/wp\/v2\/users\/8"}],"replies":[{"embeddable":true,"href":"https:\/\/www.evearly.news\/fr\/wp-json\/wp\/v2\/comments?post=280994"}],"version-history":[{"count":0,"href":"https:\/\/www.evearly.news\/fr\/wp-json\/wp\/v2\/posts\/280994\/revisions"}],"wp:featuredmedia":[{"embeddable":true,"href":"https:\/\/www.evearly.news\/fr\/wp-json\/wp\/v2\/media\/280995"}],"wp:attachment":[{"href":"https:\/\/www.evearly.news\/fr\/wp-json\/wp\/v2\/media?parent=280994"}],"wp:term":[{"taxonomy":"category","embeddable":true,"href":"https:\/\/www.evearly.news\/fr\/wp-json\/wp\/v2\/categories?post=280994"},{"taxonomy":"post_tag","embeddable":true,"href":"https:\/\/www.evearly.news\/fr\/wp-json\/wp\/v2\/tags?post=280994"}],"curies":[{"name":"wp","href":"https:\/\/api.w.org\/{rel}","templated":true}]}}