{"id":281018,"date":"2024-05-21T20:50:04","date_gmt":"2024-05-21T18:50:04","guid":{"rendered":"https:\/\/www.evearly.news\/fr\/a-partir-de-33-490-euros-les-premieres-renault-5-electriques-livrees\/"},"modified":"2024-05-21T20:50:04","modified_gmt":"2024-05-21T18:50:04","slug":"a-partir-de-33-490-euros-les-premieres-renault-5-electriques-livrees","status":"publish","type":"post","link":"https:\/\/www.evearly.news\/fr\/a-partir-de-33-490-euros-les-premieres-renault-5-electriques-livrees\/","title":{"rendered":"A partir de 33 490 euros les premi\u00e8res Renault 5 \u00e9lectriques livr\u00e9es"},"content":{"rendered":"<p><img width=\"1000\" height=\"563\" src=\"https:\/\/www.evearly.news\/fr\/wp-content\/uploads\/sites\/6\/2024\/05\/a-partir-de-33-490-euros-les-premieres-renault-5-electriques-livrees.jpg\" class=\"attachment-post-thumbnail size-post-thumbnail wp-post-image\" alt=\"Renault 5 E-Tech\" decoding=\"async\" fetchpriority=\"high\" srcset=\"https:\/\/www.evearly.news\/fr\/wp-content\/uploads\/sites\/6\/2024\/05\/a-partir-de-33-490-euros-les-premieres-renault-5-electriques-livrees.jpg 1000w, https:\/\/www.evearly.news\/fr\/wp-content\/uploads\/sites\/6\/2024\/05\/a-partir-de-33-490-euros-les-premieres-renault-5-electriques-livrees-1.jpg 300w, https:\/\/www.evearly.news\/fr\/wp-content\/uploads\/sites\/6\/2024\/05\/a-partir-de-33-490-euros-les-premieres-renault-5-electriques-livrees-2.jpg 998w, https:\/\/www.avem.fr\/wp-content\/uploads\/2024\/05\/ACTE0522_R5f-768x432.jpg 768w\" sizes=\"(max-width: 1000px) 100vw, 1000px\" \/>Alors que nombre d\u2019automobilistes attendent et esp\u00e8rent une citadine \u00e9lectrique abordable, la s\u00e9duisante Renault 5 \u00e9lectrique E-Tech risque de d\u00e9cevoir. Les premiers mod\u00e8les commercialis\u00e9s embarquent la plus grosse batterie, d\u2019o\u00f9 une grille tarifaire qui d\u00e9bute \u00e0 33 490 euros. \u00a0 Ouverture des commandes au 31 mai Le Losange a enregistr\u00e9 [\u2026] <a href=\"https:\/\/www.avem.fr\/2024\/05\/21\/a-partir-de-33-490-euros-les-premieres-renault-5-electrique-livrees\/\" target=\"blank\" rel=\"noopener\">Lire la suite&#8230;<\/a><\/p>\n","protected":false},"excerpt":{"rendered":"<p><img loading=\"lazy\" decoding=\"async\" width=\"1000\" height=\"563\" src=\"https:\/\/www.evearly.news\/fr\/wp-content\/uploads\/sites\/6\/2024\/05\/a-partir-de-33-490-euros-les-premieres-renault-5-electriques-livrees.jpg\" class=\"attachment-post-thumbnail size-post-thumbnail wp-post-image\" alt=\"Renault 5 E-Tech\" \/>Alors que nombre d\u2019automobilistes attendent et esp\u00e8rent une citadine \u00e9lectrique abordable, la s\u00e9duisante Renault 5 \u00e9lectrique E-Tech risque de d\u00e9cevoir. Les premiers mod\u00e8les commercialis\u00e9s embarquent la plus grosse batterie, d\u2019o\u00f9 une grille tarifaire qui d\u00e9bute \u00e0 33 490 euros. \u00a0 Ouverture des commandes au 31 mai Le Losange a enregistr\u00e9 [\u2026] <a class=\"continue-reading-link\" href=\"https:\/\/www.evearly.news\/fr\/a-partir-de-33-490-euros-les-premieres-renault-5-electriques-livrees\/\"><\/a><\/p>\n","protected":false},"author":3,"featured_media":281019,"comment_status":"closed","ping_status":"open","sticky":false,"template":"Default","format":"standard","meta":{"footnotes":""},"categories":[3],"tags":[],"class_list":["post-281018","post","type-post","status-publish","format-standard","has-post-thumbnail","hentry","category-avem"],"_links":{"self":[{"href":"https:\/\/www.evearly.news\/fr\/wp-json\/wp\/v2\/posts\/281018","targetHints":{"allow":["GET"]}}],"collection":[{"href":"https:\/\/www.evearly.news\/fr\/wp-json\/wp\/v2\/posts"}],"about":[{"href":"https:\/\/www.evearly.news\/fr\/wp-json\/wp\/v2\/types\/post"}],"author":[{"embeddable":true,"href":"https:\/\/www.evearly.news\/fr\/wp-json\/wp\/v2\/users\/3"}],"replies":[{"embeddable":true,"href":"https:\/\/www.evearly.news\/fr\/wp-json\/wp\/v2\/comments?post=281018"}],"version-history":[{"count":0,"href":"https:\/\/www.evearly.news\/fr\/wp-json\/wp\/v2\/posts\/281018\/revisions"}],"wp:featuredmedia":[{"embeddable":true,"href":"https:\/\/www.evearly.news\/fr\/wp-json\/wp\/v2\/media\/281019"}],"wp:attachment":[{"href":"https:\/\/www.evearly.news\/fr\/wp-json\/wp\/v2\/media?parent=281018"}],"wp:term":[{"taxonomy":"category","embeddable":true,"href":"https:\/\/www.evearly.news\/fr\/wp-json\/wp\/v2\/categories?post=281018"},{"taxonomy":"post_tag","embeddable":true,"href":"https:\/\/www.evearly.news\/fr\/wp-json\/wp\/v2\/tags?post=281018"}],"curies":[{"name":"wp","href":"https:\/\/api.w.org\/{rel}","templated":true}]}}