{"id":281020,"date":"2024-05-21T20:57:37","date_gmt":"2024-05-21T18:57:37","guid":{"rendered":"https:\/\/www.evearly.news\/fr\/la-nouvelle-r5-e-tech-electrique-a-21-000-e-renault-a-tranche\/"},"modified":"2024-05-21T20:57:37","modified_gmt":"2024-05-21T18:57:37","slug":"la-nouvelle-r5-e-tech-electrique-a-21-000-e-renault-a-tranche","status":"publish","type":"post","link":"https:\/\/www.evearly.news\/fr\/la-nouvelle-r5-e-tech-electrique-a-21-000-e-renault-a-tranche\/","title":{"rendered":"La nouvelle R5 E-Tech \u00e9lectrique \u00e0 21 000 \u20ac ? Renault a tranch\u00e9 !"},"content":{"rendered":"<div class=\"media_block\"><img decoding=\"async\" src=\"https:\/\/www.evearly.news\/fr\/wp-content\/uploads\/sites\/6\/2024\/05\/la-nouvelle-r5-e-tech-electrique-a-21-000-e-renault-a-tranche.jpg\"><\/div>\n<p>Disponible \u00e0 la commande \u00e0 partir du 31 mai, la nouvelle Renault 5 E-Tech \u00e9lectrique a d\u00e9voil\u00e9 les tarifs de ses versions les plus hautes pour commencer. Mais la petite batterie de 40 kWh arrivera en 2025 et avec elle, un prix bien plac\u00e9. <a href=\"https:\/\/www.automobile-magazine.fr\/voitures-electriques\/article\/43036-la-nouvelle-r5-e-tech-electrique-a-21-000-eur-renault-a-tranche\" target='bwindow' rel=\"noopener\">Lire la suite&#8230;<\/a><\/p>\n","protected":false},"excerpt":{"rendered":"<div class=\"media_block\"><img decoding=\"async\" src=\"https:\/\/www.evearly.news\/fr\/wp-content\/uploads\/sites\/6\/2024\/05\/la-nouvelle-r5-e-tech-electrique-a-21-000-e-renault-a-tranche.jpg\"><\/div>\n<p> <a class=\"continue-reading-link\" href=\"https:\/\/www.evearly.news\/fr\/la-nouvelle-r5-e-tech-electrique-a-21-000-e-renault-a-tranche\/\"><\/a><\/p>\n","protected":false},"author":7,"featured_media":281021,"comment_status":"closed","ping_status":"open","sticky":false,"template":"Default","format":"standard","meta":{"footnotes":""},"categories":[7],"tags":[],"class_list":["post-281020","post","type-post","status-publish","format-standard","has-post-thumbnail","hentry","category-automobile-magazine"],"_links":{"self":[{"href":"https:\/\/www.evearly.news\/fr\/wp-json\/wp\/v2\/posts\/281020","targetHints":{"allow":["GET"]}}],"collection":[{"href":"https:\/\/www.evearly.news\/fr\/wp-json\/wp\/v2\/posts"}],"about":[{"href":"https:\/\/www.evearly.news\/fr\/wp-json\/wp\/v2\/types\/post"}],"author":[{"embeddable":true,"href":"https:\/\/www.evearly.news\/fr\/wp-json\/wp\/v2\/users\/7"}],"replies":[{"embeddable":true,"href":"https:\/\/www.evearly.news\/fr\/wp-json\/wp\/v2\/comments?post=281020"}],"version-history":[{"count":0,"href":"https:\/\/www.evearly.news\/fr\/wp-json\/wp\/v2\/posts\/281020\/revisions"}],"wp:featuredmedia":[{"embeddable":true,"href":"https:\/\/www.evearly.news\/fr\/wp-json\/wp\/v2\/media\/281021"}],"wp:attachment":[{"href":"https:\/\/www.evearly.news\/fr\/wp-json\/wp\/v2\/media?parent=281020"}],"wp:term":[{"taxonomy":"category","embeddable":true,"href":"https:\/\/www.evearly.news\/fr\/wp-json\/wp\/v2\/categories?post=281020"},{"taxonomy":"post_tag","embeddable":true,"href":"https:\/\/www.evearly.news\/fr\/wp-json\/wp\/v2\/tags?post=281020"}],"curies":[{"name":"wp","href":"https:\/\/api.w.org\/{rel}","templated":true}]}}