{"id":281027,"date":"2024-05-22T09:55:07","date_gmt":"2024-05-22T07:55:07","guid":{"rendered":"https:\/\/www.evearly.news\/fr\/renault-5-electrique-decouvrez-tous-les-equipements-de-la-version-iconic-cinq-la-plus-huppee\/"},"modified":"2024-05-22T09:55:07","modified_gmt":"2024-05-22T07:55:07","slug":"renault-5-electrique-decouvrez-tous-les-equipements-de-la-version-iconic-cinq-la-plus-huppee","status":"publish","type":"post","link":"https:\/\/www.evearly.news\/fr\/renault-5-electrique-decouvrez-tous-les-equipements-de-la-version-iconic-cinq-la-plus-huppee\/","title":{"rendered":"Renault 5 \u00e9lectrique : d\u00e9couvrez tous les \u00e9quipements de la version Iconic Cinq la plus hupp\u00e9e"},"content":{"rendered":"<div class=\"media_block\"><img decoding=\"async\" src=\"https:\/\/www.evearly.news\/fr\/wp-content\/uploads\/sites\/6\/2024\/05\/renault-5-electrique-decouvrez-tous-les-equipements-de-la-version-iconic-cinq-la-plus-huppee.jpg\"><\/div>\n<p>Pour le moment seulement propos\u00e9e avec la grande autonomie de th\u00e9oriquement 410 km, la nouvelle R5 E-Tech Iconiq Cinq propose une finition riche en \u00e9quipements et possibilit\u00e9s esth\u00e9tiques. <a href=\"https:\/\/www.automobile-magazine.fr\/voitures-electriques\/article\/43032-renault-5-electrique-decouvrez-tous-les-equipements-de-la-version-iconic-cinq-la-plus-huppee\" target='bwindow' rel=\"noopener\">Lire la suite&#8230;<\/a><\/p>\n","protected":false},"excerpt":{"rendered":"<div class=\"media_block\"><img decoding=\"async\" src=\"https:\/\/www.evearly.news\/fr\/wp-content\/uploads\/sites\/6\/2024\/05\/renault-5-electrique-decouvrez-tous-les-equipements-de-la-version-iconic-cinq-la-plus-huppee.jpg\"><\/div>\n<p> <a class=\"continue-reading-link\" href=\"https:\/\/www.evearly.news\/fr\/renault-5-electrique-decouvrez-tous-les-equipements-de-la-version-iconic-cinq-la-plus-huppee\/\"><\/a><\/p>\n","protected":false},"author":7,"featured_media":281028,"comment_status":"closed","ping_status":"open","sticky":false,"template":"Default","format":"standard","meta":{"footnotes":""},"categories":[7],"tags":[],"class_list":["post-281027","post","type-post","status-publish","format-standard","has-post-thumbnail","hentry","category-automobile-magazine"],"_links":{"self":[{"href":"https:\/\/www.evearly.news\/fr\/wp-json\/wp\/v2\/posts\/281027","targetHints":{"allow":["GET"]}}],"collection":[{"href":"https:\/\/www.evearly.news\/fr\/wp-json\/wp\/v2\/posts"}],"about":[{"href":"https:\/\/www.evearly.news\/fr\/wp-json\/wp\/v2\/types\/post"}],"author":[{"embeddable":true,"href":"https:\/\/www.evearly.news\/fr\/wp-json\/wp\/v2\/users\/7"}],"replies":[{"embeddable":true,"href":"https:\/\/www.evearly.news\/fr\/wp-json\/wp\/v2\/comments?post=281027"}],"version-history":[{"count":0,"href":"https:\/\/www.evearly.news\/fr\/wp-json\/wp\/v2\/posts\/281027\/revisions"}],"wp:featuredmedia":[{"embeddable":true,"href":"https:\/\/www.evearly.news\/fr\/wp-json\/wp\/v2\/media\/281028"}],"wp:attachment":[{"href":"https:\/\/www.evearly.news\/fr\/wp-json\/wp\/v2\/media?parent=281027"}],"wp:term":[{"taxonomy":"category","embeddable":true,"href":"https:\/\/www.evearly.news\/fr\/wp-json\/wp\/v2\/categories?post=281027"},{"taxonomy":"post_tag","embeddable":true,"href":"https:\/\/www.evearly.news\/fr\/wp-json\/wp\/v2\/tags?post=281027"}],"curies":[{"name":"wp","href":"https:\/\/api.w.org\/{rel}","templated":true}]}}