{"id":281029,"date":"2024-05-22T09:55:30","date_gmt":"2024-05-22T07:55:30","guid":{"rendered":"https:\/\/www.evearly.news\/fr\/en-exclusivite-on-a-roule-dans-le-nouveau-volvo-ex90-le-grand-suv-electrique-7-places\/"},"modified":"2024-05-22T09:55:30","modified_gmt":"2024-05-22T07:55:30","slug":"en-exclusivite-on-a-roule-dans-le-nouveau-volvo-ex90-le-grand-suv-electrique-7-places","status":"publish","type":"post","link":"https:\/\/www.evearly.news\/fr\/en-exclusivite-on-a-roule-dans-le-nouveau-volvo-ex90-le-grand-suv-electrique-7-places\/","title":{"rendered":"En exclusivit\u00e9, on a roul\u00e9 dans le nouveau Volvo EX90, le grand SUV \u00e9lectrique 7-places"},"content":{"rendered":"<div class=\"media_block\"><img decoding=\"async\" src=\"https:\/\/www.evearly.news\/fr\/wp-content\/uploads\/sites\/6\/2024\/05\/en-exclusivite-on-a-roule-dans-le-nouveau-volvo-ex90-le-grand-suv-electrique-7-places.jpg\"><\/div>\n<p>Volvo a offert \u00e0 L\u2019Automobile Magazine l\u2019exclusivit\u00e9 de parcourir quelques kilom\u00e8tres \u00e0 bord d\u2019un des derniers prototypes de son EX90 pour en d\u00e9voiler les secrets. D\u00e9couverte en avant-premi\u00e8re ! <a href=\"https:\/\/www.automobile-magazine.fr\/tous-les-essais\/article\/43035-en-exclusivite-on-a-roule-dans-le-nouveau-volvo-ex90-le-grand-suv-electrique-7-places\" target='bwindow' rel=\"noopener\">Lire la suite&#8230;<\/a><\/p>\n","protected":false},"excerpt":{"rendered":"<div class=\"media_block\"><img decoding=\"async\" src=\"https:\/\/www.evearly.news\/fr\/wp-content\/uploads\/sites\/6\/2024\/05\/en-exclusivite-on-a-roule-dans-le-nouveau-volvo-ex90-le-grand-suv-electrique-7-places.jpg\"><\/div>\n<p> <a class=\"continue-reading-link\" href=\"https:\/\/www.evearly.news\/fr\/en-exclusivite-on-a-roule-dans-le-nouveau-volvo-ex90-le-grand-suv-electrique-7-places\/\"><\/a><\/p>\n","protected":false},"author":7,"featured_media":281030,"comment_status":"closed","ping_status":"open","sticky":false,"template":"Default","format":"standard","meta":{"footnotes":""},"categories":[7],"tags":[],"class_list":["post-281029","post","type-post","status-publish","format-standard","has-post-thumbnail","hentry","category-automobile-magazine"],"_links":{"self":[{"href":"https:\/\/www.evearly.news\/fr\/wp-json\/wp\/v2\/posts\/281029","targetHints":{"allow":["GET"]}}],"collection":[{"href":"https:\/\/www.evearly.news\/fr\/wp-json\/wp\/v2\/posts"}],"about":[{"href":"https:\/\/www.evearly.news\/fr\/wp-json\/wp\/v2\/types\/post"}],"author":[{"embeddable":true,"href":"https:\/\/www.evearly.news\/fr\/wp-json\/wp\/v2\/users\/7"}],"replies":[{"embeddable":true,"href":"https:\/\/www.evearly.news\/fr\/wp-json\/wp\/v2\/comments?post=281029"}],"version-history":[{"count":0,"href":"https:\/\/www.evearly.news\/fr\/wp-json\/wp\/v2\/posts\/281029\/revisions"}],"wp:featuredmedia":[{"embeddable":true,"href":"https:\/\/www.evearly.news\/fr\/wp-json\/wp\/v2\/media\/281030"}],"wp:attachment":[{"href":"https:\/\/www.evearly.news\/fr\/wp-json\/wp\/v2\/media?parent=281029"}],"wp:term":[{"taxonomy":"category","embeddable":true,"href":"https:\/\/www.evearly.news\/fr\/wp-json\/wp\/v2\/categories?post=281029"},{"taxonomy":"post_tag","embeddable":true,"href":"https:\/\/www.evearly.news\/fr\/wp-json\/wp\/v2\/tags?post=281029"}],"curies":[{"name":"wp","href":"https:\/\/api.w.org\/{rel}","templated":true}]}}