{"id":281086,"date":"2024-05-23T08:50:03","date_gmt":"2024-05-23T06:50:03","guid":{"rendered":"https:\/\/www.evearly.news\/fr\/y-aurait-t-il-de-la-place-pour-une-r5-esprit-alpine-entre-la-renault-5-electrique-et-lalpine-a290\/"},"modified":"2024-05-23T08:50:03","modified_gmt":"2024-05-23T06:50:03","slug":"y-aurait-t-il-de-la-place-pour-une-r5-esprit-alpine-entre-la-renault-5-electrique-et-lalpine-a290","status":"publish","type":"post","link":"https:\/\/www.evearly.news\/fr\/y-aurait-t-il-de-la-place-pour-une-r5-esprit-alpine-entre-la-renault-5-electrique-et-lalpine-a290\/","title":{"rendered":"Y aurait-t-il de la place pour une R5 Esprit Alpine entre la Renault 5 \u00e9lectrique et l\u2019Alpine A290 ?"},"content":{"rendered":"<p><img decoding=\"async\" src=\"https:\/\/www.evearly.news\/fr\/wp-content\/uploads\/sites\/6\/2024\/05\/y-aurait-t-il-de-la-place-pour-une-r5-esprit-alpine-entre-la-renault-5-electrique-et-lalpine-a290.webp\" alt=\"auto-moto\"><br \/>Si l\u2019attribution du label Esprit Alpine \u00e0 la quasi-totalit\u00e9 de la gamme Renault appara\u00eet totalement d\u00e9complex\u00e9e, la question se pose quant \u00e0 la nouvelle R5. <a href=\"https:\/\/www.auto-moto.com\/citadine\/une-renault-5-esprit-alpine-entre-r5-et-alpine-a290--35853\" target=\"blank\" rel=\"noopener\">Lire la suite&#8230;<\/a><\/p>\n","protected":false},"excerpt":{"rendered":"<p>Si l\u2019attribution du label Esprit Alpine \u00e0 la quasi-totalit\u00e9 de la gamme Renault appara\u00eet totalement d\u00e9complex\u00e9e, la question se pose quant \u00e0 la nouvelle R5&#8230;. <a class=\"continue-reading-link\" href=\"https:\/\/www.evearly.news\/fr\/y-aurait-t-il-de-la-place-pour-une-r5-esprit-alpine-entre-la-renault-5-electrique-et-lalpine-a290\/\"><\/a><\/p>\n","protected":false},"author":9,"featured_media":281087,"comment_status":"closed","ping_status":"open","sticky":false,"template":"Default","format":"standard","meta":{"footnotes":""},"categories":[10],"tags":[],"class_list":["post-281086","post","type-post","status-publish","format-standard","has-post-thumbnail","hentry","category-auto-moto-com"],"_links":{"self":[{"href":"https:\/\/www.evearly.news\/fr\/wp-json\/wp\/v2\/posts\/281086","targetHints":{"allow":["GET"]}}],"collection":[{"href":"https:\/\/www.evearly.news\/fr\/wp-json\/wp\/v2\/posts"}],"about":[{"href":"https:\/\/www.evearly.news\/fr\/wp-json\/wp\/v2\/types\/post"}],"author":[{"embeddable":true,"href":"https:\/\/www.evearly.news\/fr\/wp-json\/wp\/v2\/users\/9"}],"replies":[{"embeddable":true,"href":"https:\/\/www.evearly.news\/fr\/wp-json\/wp\/v2\/comments?post=281086"}],"version-history":[{"count":0,"href":"https:\/\/www.evearly.news\/fr\/wp-json\/wp\/v2\/posts\/281086\/revisions"}],"wp:featuredmedia":[{"embeddable":true,"href":"https:\/\/www.evearly.news\/fr\/wp-json\/wp\/v2\/media\/281087"}],"wp:attachment":[{"href":"https:\/\/www.evearly.news\/fr\/wp-json\/wp\/v2\/media?parent=281086"}],"wp:term":[{"taxonomy":"category","embeddable":true,"href":"https:\/\/www.evearly.news\/fr\/wp-json\/wp\/v2\/categories?post=281086"},{"taxonomy":"post_tag","embeddable":true,"href":"https:\/\/www.evearly.news\/fr\/wp-json\/wp\/v2\/tags?post=281086"}],"curies":[{"name":"wp","href":"https:\/\/api.w.org\/{rel}","templated":true}]}}