{"id":281088,"date":"2024-05-23T08:51:38","date_gmt":"2024-05-23T06:51:38","guid":{"rendered":"https:\/\/www.evearly.news\/fr\/transition-vers-la-voiture-electrique-pourquoi-la-bnp-paribas-et-la-societe-generale-sont-pointees-du-doigt\/"},"modified":"2024-05-23T08:51:38","modified_gmt":"2024-05-23T06:51:38","slug":"transition-vers-la-voiture-electrique-pourquoi-la-bnp-paribas-et-la-societe-generale-sont-pointees-du-doigt","status":"publish","type":"post","link":"https:\/\/www.evearly.news\/fr\/transition-vers-la-voiture-electrique-pourquoi-la-bnp-paribas-et-la-societe-generale-sont-pointees-du-doigt\/","title":{"rendered":"Transition vers la voiture \u00e9lectrique : pourquoi la BNP Paribas et la Soci\u00e9t\u00e9 G\u00e9n\u00e9rale sont point\u00e9es du doigt"},"content":{"rendered":"<p><img decoding=\"async\" width=\"500\" height=\"333\" src=\"https:\/\/www.evearly.news\/fr\/wp-content\/uploads\/sites\/6\/2024\/05\/transition-vers-la-voiture-electrique-pourquoi-la-bnp-paribas-et-la-societe-generale-sont-pointees-du-doigt.png\" class=\"attachment-1200x800 size-1200x800 wp-post-image\" alt=\"\" loading=\"lazy\" srcset=\"https:\/\/www.evearly.news\/fr\/wp-content\/uploads\/sites\/6\/2024\/05\/transition-vers-la-voiture-electrique-pourquoi-la-bnp-paribas-et-la-societe-generale-sont-pointees-du-doigt.png 1600w, https:\/\/www.evearly.news\/fr\/wp-content\/uploads\/sites\/6\/2024\/05\/transition-vers-la-voiture-electrique-pourquoi-la-bnp-paribas-et-la-societe-generale-sont-pointees-du-doigt-1.png 1024w, https:\/\/www.evearly.news\/fr\/wp-content\/uploads\/sites\/6\/2024\/05\/transition-vers-la-voiture-electrique-pourquoi-la-bnp-paribas-et-la-societe-generale-sont-pointees-du-doigt-2.png 768w, https:\/\/www.evearly.news\/fr\/wp-content\/uploads\/sites\/6\/2024\/05\/transition-vers-la-voiture-electrique-pourquoi-la-bnp-paribas-et-la-societe-generale-sont-pointees-du-doigt-3.png 1536w, https:\/\/cdn.automobile-propre.com\/uploads\/2024\/02\/Essai-Peugeot-e-3008-3-620x349.png 620w\" sizes=\"auto, (max-width: 1200px) 100vw, 1200px\" \/><br \/>\nSelon Transport &#038; Environment, les filiales de leasing de la BNP et Soci\u00e9t\u00e9 G\u00e9n\u00e9rale sont \u00e0 la traine en mati\u00e8re\u2026\u00a0<a href=\"https:\/\/www.automobile-propre.com\/transition-vers-la-voiture-electrique-pourquoi-la-bnp-paribas-et-la-societe-generale-sont-pointees-du-doigt\/\" target='bwindow' rel=\"noopener\">Lire la suite&#8230;<\/a><\/p>\n","protected":false},"excerpt":{"rendered":"<p>&#8230; <a class=\"continue-reading-link\" href=\"https:\/\/www.evearly.news\/fr\/transition-vers-la-voiture-electrique-pourquoi-la-bnp-paribas-et-la-societe-generale-sont-pointees-du-doigt\/\"><\/a><\/p>\n","protected":false},"author":8,"featured_media":281089,"comment_status":"closed","ping_status":"open","sticky":false,"template":"Default","format":"standard","meta":{"footnotes":""},"categories":[8],"tags":[],"class_list":["post-281088","post","type-post","status-publish","format-standard","has-post-thumbnail","hentry","category-automobile-propre"],"_links":{"self":[{"href":"https:\/\/www.evearly.news\/fr\/wp-json\/wp\/v2\/posts\/281088","targetHints":{"allow":["GET"]}}],"collection":[{"href":"https:\/\/www.evearly.news\/fr\/wp-json\/wp\/v2\/posts"}],"about":[{"href":"https:\/\/www.evearly.news\/fr\/wp-json\/wp\/v2\/types\/post"}],"author":[{"embeddable":true,"href":"https:\/\/www.evearly.news\/fr\/wp-json\/wp\/v2\/users\/8"}],"replies":[{"embeddable":true,"href":"https:\/\/www.evearly.news\/fr\/wp-json\/wp\/v2\/comments?post=281088"}],"version-history":[{"count":0,"href":"https:\/\/www.evearly.news\/fr\/wp-json\/wp\/v2\/posts\/281088\/revisions"}],"wp:featuredmedia":[{"embeddable":true,"href":"https:\/\/www.evearly.news\/fr\/wp-json\/wp\/v2\/media\/281089"}],"wp:attachment":[{"href":"https:\/\/www.evearly.news\/fr\/wp-json\/wp\/v2\/media?parent=281088"}],"wp:term":[{"taxonomy":"category","embeddable":true,"href":"https:\/\/www.evearly.news\/fr\/wp-json\/wp\/v2\/categories?post=281088"},{"taxonomy":"post_tag","embeddable":true,"href":"https:\/\/www.evearly.news\/fr\/wp-json\/wp\/v2\/tags?post=281088"}],"curies":[{"name":"wp","href":"https:\/\/api.w.org\/{rel}","templated":true}]}}