{"id":281242,"date":"2024-05-25T10:20:04","date_gmt":"2024-05-25T08:20:04","guid":{"rendered":"https:\/\/www.evearly.news\/fr\/a-vivatech-les-constructeurs-automobiles-devoilent-leur-vision-de-la-mobilite-du-futur\/"},"modified":"2024-05-25T10:20:04","modified_gmt":"2024-05-25T08:20:04","slug":"a-vivatech-les-constructeurs-automobiles-devoilent-leur-vision-de-la-mobilite-du-futur","status":"publish","type":"post","link":"https:\/\/www.evearly.news\/fr\/a-vivatech-les-constructeurs-automobiles-devoilent-leur-vision-de-la-mobilite-du-futur\/","title":{"rendered":"A VivaTech, les constructeurs automobiles d\u00e9voilent leur vision de la mobilit\u00e9 du futur"},"content":{"rendered":"<p><img width=\"1000\" height=\"563\" src=\"https:\/\/www.evearly.news\/fr\/wp-content\/uploads\/sites\/6\/2024\/05\/a-vivatech-les-constructeurs-automobiles-devoilent-leur-vision-de-la-mobilite-du-futur.jpg\" class=\"attachment-post-thumbnail size-post-thumbnail wp-post-image\" alt=\"VivaTech Automobile Mobilit\u00e9 futur\" decoding=\"async\" fetchpriority=\"high\" srcset=\"https:\/\/www.evearly.news\/fr\/wp-content\/uploads\/sites\/6\/2024\/05\/a-vivatech-les-constructeurs-automobiles-devoilent-leur-vision-de-la-mobilite-du-futur.jpg 1000w, https:\/\/www.evearly.news\/fr\/wp-content\/uploads\/sites\/6\/2024\/05\/a-vivatech-les-constructeurs-automobiles-devoilent-leur-vision-de-la-mobilite-du-futur-1.jpg 300w, https:\/\/www.evearly.news\/fr\/wp-content\/uploads\/sites\/6\/2024\/05\/a-vivatech-les-constructeurs-automobiles-devoilent-leur-vision-de-la-mobilite-du-futur-2.jpg 998w, https:\/\/www.avem.fr\/wp-content\/uploads\/2024\/05\/VivaTech-Automobile-Une-768x432.jpg 768w\" sizes=\"(max-width: 1000px) 100vw, 1000px\" \/>VivaTech 2024 ferme ses portes aujourd\u2019hui \u00e0 Paris avec une journ\u00e9e ouverte au grand public. Dans ce plus grand \u00e9v\u00e9nement europ\u00e9en consacr\u00e9 aux nouvelles technologies, l\u2019automobile occupe une place de plus en plus importante. Les constructeurs profitent de ce salon pour d\u00e9voiler leurs derni\u00e8res innovations et leur vision de la [\u2026] <a href=\"https:\/\/www.avem.fr\/2024\/05\/25\/a-vivatech-les-constructeurs-automobiles-devoilent-leur-vision-de-la-mobilite-du-futur\/\" target=\"blank\" rel=\"noopener\">Lire la suite&#8230;<\/a><\/p>\n","protected":false},"excerpt":{"rendered":"<p><img loading=\"lazy\" decoding=\"async\" width=\"1000\" height=\"563\" src=\"https:\/\/www.evearly.news\/fr\/wp-content\/uploads\/sites\/6\/2024\/05\/a-vivatech-les-constructeurs-automobiles-devoilent-leur-vision-de-la-mobilite-du-futur.jpg\" class=\"attachment-post-thumbnail size-post-thumbnail wp-post-image\" alt=\"VivaTech Automobile Mobilit\u00e9 futur\" \/>VivaTech 2024 ferme ses portes aujourd\u2019hui \u00e0 Paris avec une journ\u00e9e ouverte au grand public. Dans ce plus grand \u00e9v\u00e9nement europ\u00e9en consacr\u00e9 aux nouvelles technologies, l\u2019automobile occupe une place de plus en plus importante. Les constructeurs profitent de ce salon pour d\u00e9voiler leurs derni\u00e8res innovations et leur vision de la [\u2026] <a class=\"continue-reading-link\" href=\"https:\/\/www.evearly.news\/fr\/a-vivatech-les-constructeurs-automobiles-devoilent-leur-vision-de-la-mobilite-du-futur\/\"><\/a><\/p>\n","protected":false},"author":3,"featured_media":281243,"comment_status":"closed","ping_status":"open","sticky":false,"template":"Default","format":"standard","meta":{"footnotes":""},"categories":[3],"tags":[],"class_list":["post-281242","post","type-post","status-publish","format-standard","has-post-thumbnail","hentry","category-avem"],"_links":{"self":[{"href":"https:\/\/www.evearly.news\/fr\/wp-json\/wp\/v2\/posts\/281242","targetHints":{"allow":["GET"]}}],"collection":[{"href":"https:\/\/www.evearly.news\/fr\/wp-json\/wp\/v2\/posts"}],"about":[{"href":"https:\/\/www.evearly.news\/fr\/wp-json\/wp\/v2\/types\/post"}],"author":[{"embeddable":true,"href":"https:\/\/www.evearly.news\/fr\/wp-json\/wp\/v2\/users\/3"}],"replies":[{"embeddable":true,"href":"https:\/\/www.evearly.news\/fr\/wp-json\/wp\/v2\/comments?post=281242"}],"version-history":[{"count":0,"href":"https:\/\/www.evearly.news\/fr\/wp-json\/wp\/v2\/posts\/281242\/revisions"}],"wp:featuredmedia":[{"embeddable":true,"href":"https:\/\/www.evearly.news\/fr\/wp-json\/wp\/v2\/media\/281243"}],"wp:attachment":[{"href":"https:\/\/www.evearly.news\/fr\/wp-json\/wp\/v2\/media?parent=281242"}],"wp:term":[{"taxonomy":"category","embeddable":true,"href":"https:\/\/www.evearly.news\/fr\/wp-json\/wp\/v2\/categories?post=281242"},{"taxonomy":"post_tag","embeddable":true,"href":"https:\/\/www.evearly.news\/fr\/wp-json\/wp\/v2\/tags?post=281242"}],"curies":[{"name":"wp","href":"https:\/\/api.w.org\/{rel}","templated":true}]}}