{"id":281266,"date":"2024-05-25T20:52:29","date_gmt":"2024-05-25T18:52:29","guid":{"rendered":"https:\/\/www.evearly.news\/fr\/airbnb-va-donner-un-coup-de-pouce-aux-hotes-pour-quils-installent-des-bornes-de-recharge-chez-eux\/"},"modified":"2024-05-25T20:52:29","modified_gmt":"2024-05-25T18:52:29","slug":"airbnb-va-donner-un-coup-de-pouce-aux-hotes-pour-quils-installent-des-bornes-de-recharge-chez-eux","status":"publish","type":"post","link":"https:\/\/www.evearly.news\/fr\/airbnb-va-donner-un-coup-de-pouce-aux-hotes-pour-quils-installent-des-bornes-de-recharge-chez-eux\/","title":{"rendered":"Airbnb va donner un coup de pouce aux h\u00f4tes pour qu\u2019ils installent des bornes de recharge chez eux"},"content":{"rendered":"<p><img decoding=\"async\" width=\"500\" height=\"333\" src=\"https:\/\/www.evearly.news\/fr\/wp-content\/uploads\/sites\/6\/2024\/05\/airbnb-va-donner-un-coup-de-pouce-aux-hotes-pour-quils-installent-des-bornes-de-recharge-chez-eux.jpg\" class=\"attachment-1200x800 size-1200x800 wp-post-image\" alt=\"\" loading=\"lazy\" srcset=\"https:\/\/www.evearly.news\/fr\/wp-content\/uploads\/sites\/6\/2024\/05\/airbnb-va-donner-un-coup-de-pouce-aux-hotes-pour-quils-installent-des-bornes-de-recharge-chez-eux.jpg 1920w, https:\/\/www.evearly.news\/fr\/wp-content\/uploads\/sites\/6\/2024\/05\/airbnb-va-donner-un-coup-de-pouce-aux-hotes-pour-quils-installent-des-bornes-de-recharge-chez-eux-1.jpg 1640w, https:\/\/www.evearly.news\/fr\/wp-content\/uploads\/sites\/6\/2024\/05\/airbnb-va-donner-un-coup-de-pouce-aux-hotes-pour-quils-installent-des-bornes-de-recharge-chez-eux-2.jpg 1024w, https:\/\/www.evearly.news\/fr\/wp-content\/uploads\/sites\/6\/2024\/05\/airbnb-va-donner-un-coup-de-pouce-aux-hotes-pour-quils-installent-des-bornes-de-recharge-chez-eux-3.jpg 768w, https:\/\/www.evearly.news\/fr\/wp-content\/uploads\/sites\/6\/2024\/05\/airbnb-va-donner-un-coup-de-pouce-aux-hotes-pour-quils-installent-des-bornes-de-recharge-chez-eux-4.jpg 1536w, https:\/\/cdn.automobile-propre.com\/uploads\/2024\/05\/bornes-airbnb-recharge-551x413.jpeg 551w\" sizes=\"auto, (max-width: 1067px) 100vw, 1067px\" \/><br \/>\nEn collaboration avec ChargePoint, Airbnb va aider les h\u00f4tes am\u00e9ricains \u00e0 installer des bornes de recharge \u00e0 leur domicile. La\u2026\u00a0<a href=\"https:\/\/www.automobile-propre.com\/airbnb-va-donner-un-coup-de-pouce-aux-hotes-pour-quils-installent-des-bornes-de-recharge\/\" target='bwindow' rel=\"noopener\">Lire la suite&#8230;<\/a><\/p>\n","protected":false},"excerpt":{"rendered":"<p>&#8230; <a class=\"continue-reading-link\" href=\"https:\/\/www.evearly.news\/fr\/airbnb-va-donner-un-coup-de-pouce-aux-hotes-pour-quils-installent-des-bornes-de-recharge-chez-eux\/\"><\/a><\/p>\n","protected":false},"author":8,"featured_media":281267,"comment_status":"closed","ping_status":"open","sticky":false,"template":"Default","format":"standard","meta":{"footnotes":""},"categories":[8],"tags":[],"class_list":["post-281266","post","type-post","status-publish","format-standard","has-post-thumbnail","hentry","category-automobile-propre"],"_links":{"self":[{"href":"https:\/\/www.evearly.news\/fr\/wp-json\/wp\/v2\/posts\/281266","targetHints":{"allow":["GET"]}}],"collection":[{"href":"https:\/\/www.evearly.news\/fr\/wp-json\/wp\/v2\/posts"}],"about":[{"href":"https:\/\/www.evearly.news\/fr\/wp-json\/wp\/v2\/types\/post"}],"author":[{"embeddable":true,"href":"https:\/\/www.evearly.news\/fr\/wp-json\/wp\/v2\/users\/8"}],"replies":[{"embeddable":true,"href":"https:\/\/www.evearly.news\/fr\/wp-json\/wp\/v2\/comments?post=281266"}],"version-history":[{"count":0,"href":"https:\/\/www.evearly.news\/fr\/wp-json\/wp\/v2\/posts\/281266\/revisions"}],"wp:featuredmedia":[{"embeddable":true,"href":"https:\/\/www.evearly.news\/fr\/wp-json\/wp\/v2\/media\/281267"}],"wp:attachment":[{"href":"https:\/\/www.evearly.news\/fr\/wp-json\/wp\/v2\/media?parent=281266"}],"wp:term":[{"taxonomy":"category","embeddable":true,"href":"https:\/\/www.evearly.news\/fr\/wp-json\/wp\/v2\/categories?post=281266"},{"taxonomy":"post_tag","embeddable":true,"href":"https:\/\/www.evearly.news\/fr\/wp-json\/wp\/v2\/tags?post=281266"}],"curies":[{"name":"wp","href":"https:\/\/api.w.org\/{rel}","templated":true}]}}