{"id":281459,"date":"2024-05-29T08:20:04","date_gmt":"2024-05-29T06:20:04","guid":{"rendered":"https:\/\/www.evearly.news\/fr\/enfourchez-votre-velo-electrique-a-la-rencontre-des-producteurs-bio\/"},"modified":"2024-05-29T08:20:04","modified_gmt":"2024-05-29T06:20:04","slug":"enfourchez-votre-velo-electrique-a-la-rencontre-des-producteurs-bio","status":"publish","type":"post","link":"https:\/\/www.evearly.news\/fr\/enfourchez-votre-velo-electrique-a-la-rencontre-des-producteurs-bio\/","title":{"rendered":"Enfourchez votre v\u00e9lo \u00e9lectrique \u00e0 la rencontre des producteurs bio"},"content":{"rendered":"<p><img width=\"1000\" height=\"563\" src=\"https:\/\/www.evearly.news\/fr\/wp-content\/uploads\/sites\/6\/2024\/05\/enfourchez-votre-velo-electrique-a-la-rencontre-des-producteurs-bio.jpg\" class=\"attachment-post-thumbnail size-post-thumbnail wp-post-image\" alt=\"V\u00e9lo Fourchette en Mayenne\" decoding=\"async\" fetchpriority=\"high\" srcset=\"https:\/\/www.evearly.news\/fr\/wp-content\/uploads\/sites\/6\/2024\/05\/enfourchez-votre-velo-electrique-a-la-rencontre-des-producteurs-bio.jpg 1000w, https:\/\/www.evearly.news\/fr\/wp-content\/uploads\/sites\/6\/2024\/05\/enfourchez-votre-velo-electrique-a-la-rencontre-des-producteurs-bio-1.jpg 300w, https:\/\/www.evearly.news\/fr\/wp-content\/uploads\/sites\/6\/2024\/05\/enfourchez-votre-velo-electrique-a-la-rencontre-des-producteurs-bio-2.jpg 998w, https:\/\/www.avem.fr\/wp-content\/uploads\/2024\/05\/ACTE0529_VeloFourchette-768x432.jpg 768w\" sizes=\"(max-width: 1000px) 100vw, 1000px\" \/>En Mayenne, une association qui favorise le d\u00e9veloppement d\u2019une agriculture biologique propose des boucles \u00e0 parcourir \u00e0 v\u00e9lo pour d\u00e9couvrir les productions locales en fromages, pains, bi\u00e8res, cidres et jus de fruits. \u00a0 Pique-nique \u00e0 prendre ensemble Le v\u00e9lo, qu\u2019il soit \u00e9lectrique ou non, ce n\u2019est pas que pour se [\u2026] <a href=\"https:\/\/www.avem.fr\/2024\/05\/29\/enfourchez-votre-velo-electrique-a-la-rencontre-des-producteurs-bio\/\" target=\"blank\" rel=\"noopener\">Lire la suite&#8230;<\/a><\/p>\n","protected":false},"excerpt":{"rendered":"<p><img loading=\"lazy\" decoding=\"async\" width=\"1000\" height=\"563\" src=\"https:\/\/www.evearly.news\/fr\/wp-content\/uploads\/sites\/6\/2024\/05\/enfourchez-votre-velo-electrique-a-la-rencontre-des-producteurs-bio.jpg\" class=\"attachment-post-thumbnail size-post-thumbnail wp-post-image\" alt=\"V\u00e9lo Fourchette en Mayenne\" \/>En Mayenne, une association qui favorise le d\u00e9veloppement d\u2019une agriculture biologique propose des boucles \u00e0 parcourir \u00e0 v\u00e9lo pour d\u00e9couvrir les productions locales en fromages, pains, bi\u00e8res, cidres et jus de fruits. \u00a0 Pique-nique \u00e0 prendre ensemble Le v\u00e9lo, qu\u2019il soit \u00e9lectrique ou non, ce n\u2019est pas que pour se [\u2026] <a class=\"continue-reading-link\" href=\"https:\/\/www.evearly.news\/fr\/enfourchez-votre-velo-electrique-a-la-rencontre-des-producteurs-bio\/\"><\/a><\/p>\n","protected":false},"author":3,"featured_media":281460,"comment_status":"closed","ping_status":"open","sticky":false,"template":"Default","format":"standard","meta":{"footnotes":""},"categories":[3],"tags":[],"class_list":["post-281459","post","type-post","status-publish","format-standard","has-post-thumbnail","hentry","category-avem"],"_links":{"self":[{"href":"https:\/\/www.evearly.news\/fr\/wp-json\/wp\/v2\/posts\/281459","targetHints":{"allow":["GET"]}}],"collection":[{"href":"https:\/\/www.evearly.news\/fr\/wp-json\/wp\/v2\/posts"}],"about":[{"href":"https:\/\/www.evearly.news\/fr\/wp-json\/wp\/v2\/types\/post"}],"author":[{"embeddable":true,"href":"https:\/\/www.evearly.news\/fr\/wp-json\/wp\/v2\/users\/3"}],"replies":[{"embeddable":true,"href":"https:\/\/www.evearly.news\/fr\/wp-json\/wp\/v2\/comments?post=281459"}],"version-history":[{"count":0,"href":"https:\/\/www.evearly.news\/fr\/wp-json\/wp\/v2\/posts\/281459\/revisions"}],"wp:featuredmedia":[{"embeddable":true,"href":"https:\/\/www.evearly.news\/fr\/wp-json\/wp\/v2\/media\/281460"}],"wp:attachment":[{"href":"https:\/\/www.evearly.news\/fr\/wp-json\/wp\/v2\/media?parent=281459"}],"wp:term":[{"taxonomy":"category","embeddable":true,"href":"https:\/\/www.evearly.news\/fr\/wp-json\/wp\/v2\/categories?post=281459"},{"taxonomy":"post_tag","embeddable":true,"href":"https:\/\/www.evearly.news\/fr\/wp-json\/wp\/v2\/tags?post=281459"}],"curies":[{"name":"wp","href":"https:\/\/api.w.org\/{rel}","templated":true}]}}