{"id":281463,"date":"2024-05-29T08:25:51","date_gmt":"2024-05-29T06:25:51","guid":{"rendered":"https:\/\/www.evearly.news\/fr\/on-est-monte-a-bord-du-cybertruck-le-monstre-dacier-de-tesla\/"},"modified":"2024-05-29T08:25:51","modified_gmt":"2024-05-29T06:25:51","slug":"on-est-monte-a-bord-du-cybertruck-le-monstre-dacier-de-tesla","status":"publish","type":"post","link":"https:\/\/www.evearly.news\/fr\/on-est-monte-a-bord-du-cybertruck-le-monstre-dacier-de-tesla\/","title":{"rendered":"On est mont\u00e9 \u00e0 bord du Cybertruck, le monstre d\u2019acier de Tesla"},"content":{"rendered":"<p><img width=\"1500\" height=\"1000\" src=\"https:\/\/www.evearly.news\/fr\/wp-content\/uploads\/sites\/6\/2024\/05\/on-est-monte-a-bord-du-cybertruck-le-monstre-dacier-de-tesla.jpg\" class=\"attachment-full size-full wp-post-image\" alt=\"Tesla Cybertruck Decouverte\" decoding=\"async\" loading=\"lazy\" srcset=\"https:\/\/www.evearly.news\/fr\/wp-content\/uploads\/sites\/6\/2024\/05\/on-est-monte-a-bord-du-cybertruck-le-monstre-dacier-de-tesla.jpg 1500w, https:\/\/www.evearly.news\/fr\/wp-content\/uploads\/sites\/6\/2024\/05\/on-est-monte-a-bord-du-cybertruck-le-monstre-dacier-de-tesla-1.jpg 504w, https:\/\/www.evearly.news\/fr\/wp-content\/uploads\/sites\/6\/2024\/05\/on-est-monte-a-bord-du-cybertruck-le-monstre-dacier-de-tesla-2.jpg 1024w, https:\/\/www.evearly.news\/fr\/wp-content\/uploads\/sites\/6\/2024\/05\/on-est-monte-a-bord-du-cybertruck-le-monstre-dacier-de-tesla-3.jpg 50w, https:\/\/www.evearly.news\/fr\/wp-content\/uploads\/sites\/6\/2024\/05\/on-est-monte-a-bord-du-cybertruck-le-monstre-dacier-de-tesla-4.jpg 336w, https:\/\/www.evearly.news\/fr\/wp-content\/uploads\/sites\/6\/2024\/05\/on-est-monte-a-bord-du-cybertruck-le-monstre-dacier-de-tesla-5.jpg 1400w, https:\/\/www.evearly.news\/fr\/wp-content\/uploads\/sites\/6\/2024\/05\/on-est-monte-a-bord-du-cybertruck-le-monstre-dacier-de-tesla-6.jpg 680w, https:\/\/www.presse-citron.net\/app\/uploads\/2024\/05\/tesla-cybertruck-decouverte-896x597.jpg 896w\" sizes=\"auto, (max-width: 1500px) 100vw, 1500px\"><\/p>\n<p>Dans le cadre de sa tourn\u00e9e europ\u00e9enne, Tesla propose de d\u00e9couvrir son Cybertruck en chair et en os. Forc\u00e9ment, nous n\u2019avons pas rat\u00e9 cette occasion de d\u00e9couvrir ce monstre d\u2019acier.<a href=\"https:\/\/www.presse-citron.net\/on-est-monte-a-bord-du-cybertruck-le-monstre-dacier-de-tesla\/\" target=\"blank\" rel=\"noopener\"> Lire la suite&#8230;<\/a><\/p>\n","protected":false},"excerpt":{"rendered":"<p>Dans le cadre de sa tourn\u00e9e europ\u00e9enne, Tesla propose de d\u00e9couvrir son Cybertruck en chair et en os. Forc\u00e9ment, nous n\u2019avons pas rat\u00e9 cette occasion de d\u00e9couvrir ce monstre d\u2019acier&#8230;. <a class=\"continue-reading-link\" href=\"https:\/\/www.evearly.news\/fr\/on-est-monte-a-bord-du-cybertruck-le-monstre-dacier-de-tesla\/\"><\/a><\/p>\n","protected":false},"author":18,"featured_media":281464,"comment_status":"closed","ping_status":"open","sticky":false,"template":"Default","format":"standard","meta":{"footnotes":""},"categories":[19],"tags":[],"class_list":["post-281463","post","type-post","status-publish","format-standard","has-post-thumbnail","hentry","category-presse-citron"],"_links":{"self":[{"href":"https:\/\/www.evearly.news\/fr\/wp-json\/wp\/v2\/posts\/281463","targetHints":{"allow":["GET"]}}],"collection":[{"href":"https:\/\/www.evearly.news\/fr\/wp-json\/wp\/v2\/posts"}],"about":[{"href":"https:\/\/www.evearly.news\/fr\/wp-json\/wp\/v2\/types\/post"}],"author":[{"embeddable":true,"href":"https:\/\/www.evearly.news\/fr\/wp-json\/wp\/v2\/users\/18"}],"replies":[{"embeddable":true,"href":"https:\/\/www.evearly.news\/fr\/wp-json\/wp\/v2\/comments?post=281463"}],"version-history":[{"count":0,"href":"https:\/\/www.evearly.news\/fr\/wp-json\/wp\/v2\/posts\/281463\/revisions"}],"wp:featuredmedia":[{"embeddable":true,"href":"https:\/\/www.evearly.news\/fr\/wp-json\/wp\/v2\/media\/281464"}],"wp:attachment":[{"href":"https:\/\/www.evearly.news\/fr\/wp-json\/wp\/v2\/media?parent=281463"}],"wp:term":[{"taxonomy":"category","embeddable":true,"href":"https:\/\/www.evearly.news\/fr\/wp-json\/wp\/v2\/categories?post=281463"},{"taxonomy":"post_tag","embeddable":true,"href":"https:\/\/www.evearly.news\/fr\/wp-json\/wp\/v2\/tags?post=281463"}],"curies":[{"name":"wp","href":"https:\/\/api.w.org\/{rel}","templated":true}]}}