{"id":281475,"date":"2024-05-29T10:52:51","date_gmt":"2024-05-29T08:52:51","guid":{"rendered":"https:\/\/www.evearly.news\/fr\/volkswagen-confirme-enfin-larrivee-de-sa-voiture-electrique-a-20-000-e\/"},"modified":"2024-05-29T10:52:51","modified_gmt":"2024-05-29T08:52:51","slug":"volkswagen-confirme-enfin-larrivee-de-sa-voiture-electrique-a-20-000-e","status":"publish","type":"post","link":"https:\/\/www.evearly.news\/fr\/volkswagen-confirme-enfin-larrivee-de-sa-voiture-electrique-a-20-000-e\/","title":{"rendered":"Volkswagen confirme enfin l\u2019arriv\u00e9e de sa voiture \u00e9lectrique \u00e0 20 000 \u20ac"},"content":{"rendered":"<p><img loading=\"lazy\" width=\"1200\" height=\"800\" src=\"https:\/\/www.evearly.news\/fr\/wp-content\/uploads\/sites\/6\/2024\/05\/volkswagen-confirme-enfin-larrivee-de-sa-voiture-electrique-a-20-000-e.jpg\" class=\"attachment-large size-large wp-post-image\" alt=\"\" decoding=\"async\" \/<br \/>Apr\u00e8s avoir pass\u00e9 des mois sans jamais officiellement confirmer l\u2019arriv\u00e9e de son ID.1 \u00e0 moins de 20 000 euros, Volkswagen saute enfin le pas. Le constructeur publie une premi\u00e8re photo teaser de la citadine \u00e9lectrique, qui sera officiellement lanc\u00e9e en 2027. <a href=\"https:\/\/www.frandroid.com\/marques\/volkswagen\/2033122_volkswagen-confirme-enfin-larrivee-de-sa-voiture-electrique-a-20-000-e\" target='bwindow' rel=\"noopener\">Lire la suite&#8230;<\/a><\/p>\n","protected":false},"excerpt":{"rendered":"<p>&lt;img width=&quot;1200&quot; height=&quot;800&quot; src=&quot;https:\/\/www.evearly.news\/fr\/wp-content\/uploads\/sites\/6\/2024\/05\/volkswagen-confirme-enfin-larrivee-de-sa-voiture-electrique-a-20-000-e.jpg&quot; class=&quot;attachment-large size-large wp-post-image&quot; alt=&quot;&quot; decoding=&quot;async&quot; \/<br \/>Apr\u00e8s avoir pass\u00e9 des mois sans jamais officiellement confirmer l\u2019arriv\u00e9e de son ID.1 \u00e0 moins de 20 000 euros, Volkswagen saute enfin le pas. Le constructeur publie une premi\u00e8re photo teaser de la citadine \u00e9lectrique, qui sera officiellement lanc\u00e9e en 2027.<\/p>\n<p> <a class=\"continue-reading-link\" href=\"https:\/\/www.evearly.news\/fr\/volkswagen-confirme-enfin-larrivee-de-sa-voiture-electrique-a-20-000-e\/\"><\/a><\/p>\n","protected":false},"author":6,"featured_media":281476,"comment_status":"closed","ping_status":"open","sticky":false,"template":"Default","format":"standard","meta":{"footnotes":""},"categories":[14],"tags":[],"class_list":["post-281475","post","type-post","status-publish","format-standard","has-post-thumbnail","hentry","category-frandroid"],"_links":{"self":[{"href":"https:\/\/www.evearly.news\/fr\/wp-json\/wp\/v2\/posts\/281475","targetHints":{"allow":["GET"]}}],"collection":[{"href":"https:\/\/www.evearly.news\/fr\/wp-json\/wp\/v2\/posts"}],"about":[{"href":"https:\/\/www.evearly.news\/fr\/wp-json\/wp\/v2\/types\/post"}],"author":[{"embeddable":true,"href":"https:\/\/www.evearly.news\/fr\/wp-json\/wp\/v2\/users\/6"}],"replies":[{"embeddable":true,"href":"https:\/\/www.evearly.news\/fr\/wp-json\/wp\/v2\/comments?post=281475"}],"version-history":[{"count":0,"href":"https:\/\/www.evearly.news\/fr\/wp-json\/wp\/v2\/posts\/281475\/revisions"}],"wp:featuredmedia":[{"embeddable":true,"href":"https:\/\/www.evearly.news\/fr\/wp-json\/wp\/v2\/media\/281476"}],"wp:attachment":[{"href":"https:\/\/www.evearly.news\/fr\/wp-json\/wp\/v2\/media?parent=281475"}],"wp:term":[{"taxonomy":"category","embeddable":true,"href":"https:\/\/www.evearly.news\/fr\/wp-json\/wp\/v2\/categories?post=281475"},{"taxonomy":"post_tag","embeddable":true,"href":"https:\/\/www.evearly.news\/fr\/wp-json\/wp\/v2\/tags?post=281475"}],"curies":[{"name":"wp","href":"https:\/\/api.w.org\/{rel}","templated":true}]}}