{"id":281477,"date":"2024-05-29T10:53:12","date_gmt":"2024-05-29T08:53:12","guid":{"rendered":"https:\/\/www.evearly.news\/fr\/les-prochaines-voitures-electriques-mg-pourraient-embarquer-la-premiere-batterie-solide-revolutionnaire\/"},"modified":"2024-05-29T10:53:12","modified_gmt":"2024-05-29T08:53:12","slug":"les-prochaines-voitures-electriques-mg-pourraient-embarquer-la-premiere-batterie-solide-revolutionnaire","status":"publish","type":"post","link":"https:\/\/www.evearly.news\/fr\/les-prochaines-voitures-electriques-mg-pourraient-embarquer-la-premiere-batterie-solide-revolutionnaire\/","title":{"rendered":"Les prochaines voitures \u00e9lectriques MG pourraient embarquer la premi\u00e8re batterie solide r\u00e9volutionnaire"},"content":{"rendered":"<p><img width=\"1200\" height=\"672\" src=\"https:\/\/www.evearly.news\/fr\/wp-content\/uploads\/sites\/6\/2024\/05\/les-prochaines-voitures-electriques-mg-pourraient-embarquer-la-premiere-batterie-solide-revolutionnaire.jpg\" class=\"attachment-large size-large wp-post-image\" alt=\"\" decoding=\"async\" loading=\"lazy\" \/<br \/>Le groupe chinois SAIC, qui poss\u00e8de notamment MG pr\u00e9voit de d\u00e9marrer la production en grande s\u00e9rie de ses premi\u00e8res batteries solides r\u00e9volutionnaire d\u00e8s 2026. Une annonce prometteuse pour l\u2019entreprise, qui pourrait d\u00e9passer ses rivaux. De quoi promettre des autonomies de plus de 1 000 km et des recharges ultra-rapides. <a href=\"https:\/\/www.frandroid.com\/marques\/mg\/2033110_les-prochaines-voitures-electriques-mg-pourraient-embarquer-la-premiere-batterie-solide-revolutionnaire\" target='bwindow' rel=\"noopener\">Lire la suite&#8230;<\/a><\/p>\n","protected":false},"excerpt":{"rendered":"<p>&lt;img width=&quot;1200&quot; height=&quot;672&quot; src=&quot;https:\/\/www.evearly.news\/fr\/wp-content\/uploads\/sites\/6\/2024\/05\/les-prochaines-voitures-electriques-mg-pourraient-embarquer-la-premiere-batterie-solide-revolutionnaire.jpg&quot; class=&quot;attachment-large size-large wp-post-image&quot; alt=&quot;&quot; decoding=&quot;async&quot; loading=&quot;lazy&quot; \/<br \/>Le groupe chinois SAIC, qui poss\u00e8de notamment MG pr\u00e9voit de d\u00e9marrer la production en grande s\u00e9rie de ses premi\u00e8res batteries solides r\u00e9volutionnaire d\u00e8s 2026. Une annonce prometteuse pour l\u2019entreprise, qui pourrait d\u00e9passer ses rivaux. De quoi promettre des autonomies de plus de 1 000 km et des recharges ultra-rapides.<\/p>\n<p> <a class=\"continue-reading-link\" href=\"https:\/\/www.evearly.news\/fr\/les-prochaines-voitures-electriques-mg-pourraient-embarquer-la-premiere-batterie-solide-revolutionnaire\/\"><\/a><\/p>\n","protected":false},"author":6,"featured_media":281478,"comment_status":"closed","ping_status":"open","sticky":false,"template":"Default","format":"standard","meta":{"footnotes":""},"categories":[14],"tags":[],"class_list":["post-281477","post","type-post","status-publish","format-standard","has-post-thumbnail","hentry","category-frandroid"],"_links":{"self":[{"href":"https:\/\/www.evearly.news\/fr\/wp-json\/wp\/v2\/posts\/281477","targetHints":{"allow":["GET"]}}],"collection":[{"href":"https:\/\/www.evearly.news\/fr\/wp-json\/wp\/v2\/posts"}],"about":[{"href":"https:\/\/www.evearly.news\/fr\/wp-json\/wp\/v2\/types\/post"}],"author":[{"embeddable":true,"href":"https:\/\/www.evearly.news\/fr\/wp-json\/wp\/v2\/users\/6"}],"replies":[{"embeddable":true,"href":"https:\/\/www.evearly.news\/fr\/wp-json\/wp\/v2\/comments?post=281477"}],"version-history":[{"count":0,"href":"https:\/\/www.evearly.news\/fr\/wp-json\/wp\/v2\/posts\/281477\/revisions"}],"wp:featuredmedia":[{"embeddable":true,"href":"https:\/\/www.evearly.news\/fr\/wp-json\/wp\/v2\/media\/281478"}],"wp:attachment":[{"href":"https:\/\/www.evearly.news\/fr\/wp-json\/wp\/v2\/media?parent=281477"}],"wp:term":[{"taxonomy":"category","embeddable":true,"href":"https:\/\/www.evearly.news\/fr\/wp-json\/wp\/v2\/categories?post=281477"},{"taxonomy":"post_tag","embeddable":true,"href":"https:\/\/www.evearly.news\/fr\/wp-json\/wp\/v2\/tags?post=281477"}],"curies":[{"name":"wp","href":"https:\/\/api.w.org\/{rel}","templated":true}]}}