{"id":281499,"date":"2024-05-29T14:20:06","date_gmt":"2024-05-29T12:20:06","guid":{"rendered":"https:\/\/www.evearly.news\/fr\/volkswagen-confirme-sa-citadine-electrique-a-20-000-e-pour-2027-mais-sans-renault\/"},"modified":"2024-05-29T14:20:06","modified_gmt":"2024-05-29T12:20:06","slug":"volkswagen-confirme-sa-citadine-electrique-a-20-000-e-pour-2027-mais-sans-renault","status":"publish","type":"post","link":"https:\/\/www.evearly.news\/fr\/volkswagen-confirme-sa-citadine-electrique-a-20-000-e-pour-2027-mais-sans-renault\/","title":{"rendered":"Volkswagen confirme sa citadine \u00e9lectrique \u00e0 20 000 \u20ac pour 2027, mais sans Renault"},"content":{"rendered":"<p><img decoding=\"async\" src=\"https:\/\/www.evearly.news\/fr\/wp-content\/uploads\/sites\/6\/2024\/05\/volkswagen-confirme-sa-citadine-electrique-a-20-000-e-pour-2027-mais-sans-renault.webp\" alt=\"auto-moto\"><br \/>Volkswagen officialise le projet d\u2019une citadine \u00e9lectrique \u00e0 bas co\u00fbt, autour des 20 000 \u20ac et sous la future ID.2. Le constructeur donne d\u00e9j\u00e0 de premiers \u00e9l\u00e9ments comme la date estim\u00e9e ou le style \u00e0 travers un croquis dans la p\u00e9nombre. <a href=\"https:\/\/www.auto-moto.com\/electrique\/volkswagen-confirme-sa-citadine-electrique-a-20-000-euros-2027-sans-renault-36493\" target=\"blank\" rel=\"noopener\">Lire la suite&#8230;<\/a><\/p>\n","protected":false},"excerpt":{"rendered":"<p>Volkswagen officialise le projet d\u2019une citadine \u00e9lectrique \u00e0 bas co\u00fbt, autour des 20 000 \u20ac et sous la future ID.2. Le constructeur donne d\u00e9j\u00e0 de premiers \u00e9l\u00e9ments comme la date estim\u00e9e ou le style \u00e0 travers un croquis dans la p\u00e9nombre&#8230;. <a class=\"continue-reading-link\" href=\"https:\/\/www.evearly.news\/fr\/volkswagen-confirme-sa-citadine-electrique-a-20-000-e-pour-2027-mais-sans-renault\/\"><\/a><\/p>\n","protected":false},"author":9,"featured_media":281500,"comment_status":"closed","ping_status":"open","sticky":false,"template":"Default","format":"standard","meta":{"footnotes":""},"categories":[10],"tags":[],"class_list":["post-281499","post","type-post","status-publish","format-standard","has-post-thumbnail","hentry","category-auto-moto-com"],"_links":{"self":[{"href":"https:\/\/www.evearly.news\/fr\/wp-json\/wp\/v2\/posts\/281499","targetHints":{"allow":["GET"]}}],"collection":[{"href":"https:\/\/www.evearly.news\/fr\/wp-json\/wp\/v2\/posts"}],"about":[{"href":"https:\/\/www.evearly.news\/fr\/wp-json\/wp\/v2\/types\/post"}],"author":[{"embeddable":true,"href":"https:\/\/www.evearly.news\/fr\/wp-json\/wp\/v2\/users\/9"}],"replies":[{"embeddable":true,"href":"https:\/\/www.evearly.news\/fr\/wp-json\/wp\/v2\/comments?post=281499"}],"version-history":[{"count":0,"href":"https:\/\/www.evearly.news\/fr\/wp-json\/wp\/v2\/posts\/281499\/revisions"}],"wp:featuredmedia":[{"embeddable":true,"href":"https:\/\/www.evearly.news\/fr\/wp-json\/wp\/v2\/media\/281500"}],"wp:attachment":[{"href":"https:\/\/www.evearly.news\/fr\/wp-json\/wp\/v2\/media?parent=281499"}],"wp:term":[{"taxonomy":"category","embeddable":true,"href":"https:\/\/www.evearly.news\/fr\/wp-json\/wp\/v2\/categories?post=281499"},{"taxonomy":"post_tag","embeddable":true,"href":"https:\/\/www.evearly.news\/fr\/wp-json\/wp\/v2\/tags?post=281499"}],"curies":[{"name":"wp","href":"https:\/\/api.w.org\/{rel}","templated":true}]}}