{"id":281507,"date":"2024-05-29T15:50:06","date_gmt":"2024-05-29T13:50:06","guid":{"rendered":"https:\/\/www.evearly.news\/fr\/audi-q6-e-tron-une-version-propulsion-a-lautonomie-superieure-au-catalogue\/"},"modified":"2024-05-29T15:50:06","modified_gmt":"2024-05-29T13:50:06","slug":"audi-q6-e-tron-une-version-propulsion-a-lautonomie-superieure-au-catalogue","status":"publish","type":"post","link":"https:\/\/www.evearly.news\/fr\/audi-q6-e-tron-une-version-propulsion-a-lautonomie-superieure-au-catalogue\/","title":{"rendered":"Audi Q6 e-tron : une version propulsion \u00e0 l\u2019autonomie sup\u00e9rieure au catalogue"},"content":{"rendered":"<p><img decoding=\"async\" src=\"https:\/\/www.evearly.news\/fr\/wp-content\/uploads\/sites\/6\/2024\/05\/audi-q6-e-tron-une-version-propulsion-a-lautonomie-superieure-au-catalogue.webp\" alt=\"auto-moto\"><br \/>Pr\u00e9sent\u00e9 avec deux motorisations \u00e9lectriques \u00e0 transmission int\u00e9grale, l\u2019Audi Q6 e-tron s\u2019offre une variante suppl\u00e9mentaire \u00e0 architecture propulsion et un seul moteur, afin de gagner en autonomie. <a href=\"https:\/\/www.auto-moto.com\/suv\/audi-q6-e-tron--une-version-propulsion-a-l-autonomie-superieure-au-catalogue-36505\" target=\"blank\" rel=\"noopener\">Lire la suite&#8230;<\/a><\/p>\n","protected":false},"excerpt":{"rendered":"<p>Pr\u00e9sent\u00e9 avec deux motorisations \u00e9lectriques \u00e0 transmission int\u00e9grale, l\u2019Audi Q6 e-tron s\u2019offre une variante suppl\u00e9mentaire \u00e0 architecture propulsion et un seul moteur, afin de gagner en autonomie&#8230;. <a class=\"continue-reading-link\" href=\"https:\/\/www.evearly.news\/fr\/audi-q6-e-tron-une-version-propulsion-a-lautonomie-superieure-au-catalogue\/\"><\/a><\/p>\n","protected":false},"author":9,"featured_media":281508,"comment_status":"closed","ping_status":"open","sticky":false,"template":"Default","format":"standard","meta":{"footnotes":""},"categories":[10],"tags":[],"class_list":["post-281507","post","type-post","status-publish","format-standard","has-post-thumbnail","hentry","category-auto-moto-com"],"_links":{"self":[{"href":"https:\/\/www.evearly.news\/fr\/wp-json\/wp\/v2\/posts\/281507","targetHints":{"allow":["GET"]}}],"collection":[{"href":"https:\/\/www.evearly.news\/fr\/wp-json\/wp\/v2\/posts"}],"about":[{"href":"https:\/\/www.evearly.news\/fr\/wp-json\/wp\/v2\/types\/post"}],"author":[{"embeddable":true,"href":"https:\/\/www.evearly.news\/fr\/wp-json\/wp\/v2\/users\/9"}],"replies":[{"embeddable":true,"href":"https:\/\/www.evearly.news\/fr\/wp-json\/wp\/v2\/comments?post=281507"}],"version-history":[{"count":0,"href":"https:\/\/www.evearly.news\/fr\/wp-json\/wp\/v2\/posts\/281507\/revisions"}],"wp:featuredmedia":[{"embeddable":true,"href":"https:\/\/www.evearly.news\/fr\/wp-json\/wp\/v2\/media\/281508"}],"wp:attachment":[{"href":"https:\/\/www.evearly.news\/fr\/wp-json\/wp\/v2\/media?parent=281507"}],"wp:term":[{"taxonomy":"category","embeddable":true,"href":"https:\/\/www.evearly.news\/fr\/wp-json\/wp\/v2\/categories?post=281507"},{"taxonomy":"post_tag","embeddable":true,"href":"https:\/\/www.evearly.news\/fr\/wp-json\/wp\/v2\/tags?post=281507"}],"curies":[{"name":"wp","href":"https:\/\/api.w.org\/{rel}","templated":true}]}}