{"id":281581,"date":"2024-05-30T13:27:40","date_gmt":"2024-05-30T11:27:40","guid":{"rendered":"https:\/\/www.evearly.news\/fr\/elections-europeennes-la-voiture-electrique-au-coeur-des-debats\/"},"modified":"2024-05-30T13:27:40","modified_gmt":"2024-05-30T11:27:40","slug":"elections-europeennes-la-voiture-electrique-au-coeur-des-debats","status":"publish","type":"post","link":"https:\/\/www.evearly.news\/fr\/elections-europeennes-la-voiture-electrique-au-coeur-des-debats\/","title":{"rendered":"\u00c9lections europ\u00e9ennes\u00a0: la voiture \u00e9lectrique au c\u0153ur des d\u00e9bats"},"content":{"rendered":"<p><img loading=\"lazy\" width=\"1500\" height=\"1000\" src=\"https:\/\/www.evearly.news\/fr\/wp-content\/uploads\/sites\/6\/2024\/05\/elections-europeennes-la-voiture-electrique-au-coeur-des-debats.jpg\" class=\"attachment-full size-full wp-post-image\" alt=\"Recharge Voiture \u00e9lectrique\" decoding=\"async\" srcset=\"https:\/\/www.evearly.news\/fr\/wp-content\/uploads\/sites\/6\/2024\/05\/elections-europeennes-la-voiture-electrique-au-coeur-des-debats.jpg 1500w, https:\/\/www.evearly.news\/fr\/wp-content\/uploads\/sites\/6\/2024\/05\/elections-europeennes-la-voiture-electrique-au-coeur-des-debats-1.jpg 504w, https:\/\/www.evearly.news\/fr\/wp-content\/uploads\/sites\/6\/2024\/05\/elections-europeennes-la-voiture-electrique-au-coeur-des-debats-2.jpg 1024w, https:\/\/www.evearly.news\/fr\/wp-content\/uploads\/sites\/6\/2024\/05\/elections-europeennes-la-voiture-electrique-au-coeur-des-debats-3.jpg 50w, https:\/\/www.evearly.news\/fr\/wp-content\/uploads\/sites\/6\/2024\/05\/elections-europeennes-la-voiture-electrique-au-coeur-des-debats-4.jpg 336w, https:\/\/www.evearly.news\/fr\/wp-content\/uploads\/sites\/6\/2024\/05\/elections-europeennes-la-voiture-electrique-au-coeur-des-debats-5.jpg 1400w, https:\/\/www.evearly.news\/fr\/wp-content\/uploads\/sites\/6\/2024\/05\/elections-europeennes-la-voiture-electrique-au-coeur-des-debats-6.jpg 680w, https:\/\/www.presse-citron.net\/app\/uploads\/2024\/01\/recharge-voiture-electrique-896x597.jpg 896w\" sizes=\"auto, (max-width: 1500px) 100vw, 1500px\"><\/p>\n<p>La campagne \u00e9lectorale a permis d&rsquo;aborder ce sujet crucial.<a href=\"https:\/\/www.presse-citron.net\/elections-europeennes-la-voiture-electrique-au-coeur-des-debats\/\" target=\"blank\" rel=\"noopener\"> Lire la suite&#8230;<\/a><\/p>\n","protected":false},"excerpt":{"rendered":"<p>La campagne \u00e9lectorale a permis d&rsquo;aborder ce sujet crucial&#8230;. <a class=\"continue-reading-link\" href=\"https:\/\/www.evearly.news\/fr\/elections-europeennes-la-voiture-electrique-au-coeur-des-debats\/\"><\/a><\/p>\n","protected":false},"author":18,"featured_media":281582,"comment_status":"closed","ping_status":"open","sticky":false,"template":"Default","format":"standard","meta":{"footnotes":""},"categories":[19],"tags":[],"class_list":["post-281581","post","type-post","status-publish","format-standard","has-post-thumbnail","hentry","category-presse-citron"],"_links":{"self":[{"href":"https:\/\/www.evearly.news\/fr\/wp-json\/wp\/v2\/posts\/281581","targetHints":{"allow":["GET"]}}],"collection":[{"href":"https:\/\/www.evearly.news\/fr\/wp-json\/wp\/v2\/posts"}],"about":[{"href":"https:\/\/www.evearly.news\/fr\/wp-json\/wp\/v2\/types\/post"}],"author":[{"embeddable":true,"href":"https:\/\/www.evearly.news\/fr\/wp-json\/wp\/v2\/users\/18"}],"replies":[{"embeddable":true,"href":"https:\/\/www.evearly.news\/fr\/wp-json\/wp\/v2\/comments?post=281581"}],"version-history":[{"count":0,"href":"https:\/\/www.evearly.news\/fr\/wp-json\/wp\/v2\/posts\/281581\/revisions"}],"wp:featuredmedia":[{"embeddable":true,"href":"https:\/\/www.evearly.news\/fr\/wp-json\/wp\/v2\/media\/281582"}],"wp:attachment":[{"href":"https:\/\/www.evearly.news\/fr\/wp-json\/wp\/v2\/media?parent=281581"}],"wp:term":[{"taxonomy":"category","embeddable":true,"href":"https:\/\/www.evearly.news\/fr\/wp-json\/wp\/v2\/categories?post=281581"},{"taxonomy":"post_tag","embeddable":true,"href":"https:\/\/www.evearly.news\/fr\/wp-json\/wp\/v2\/tags?post=281581"}],"curies":[{"name":"wp","href":"https:\/\/api.w.org\/{rel}","templated":true}]}}