{"id":281758,"date":"2024-06-03T09:20:05","date_gmt":"2024-06-03T07:20:05","guid":{"rendered":"https:\/\/www.evearly.news\/fr\/une-nouvelle-gamme-pour-la-volkswagen-id-3\/"},"modified":"2024-06-03T09:20:05","modified_gmt":"2024-06-03T07:20:05","slug":"une-nouvelle-gamme-pour-la-volkswagen-id-3","status":"publish","type":"post","link":"https:\/\/www.evearly.news\/fr\/une-nouvelle-gamme-pour-la-volkswagen-id-3\/","title":{"rendered":"Une nouvelle gamme pour la Volkswagen ID.3"},"content":{"rendered":"<p><img width=\"1000\" height=\"563\" src=\"https:\/\/www.evearly.news\/fr\/wp-content\/uploads\/sites\/6\/2024\/06\/une-nouvelle-gamme-pour-la-volkswagen-id-3.jpg\" class=\"attachment-post-thumbnail size-post-thumbnail wp-post-image\" alt=\"Volkswagen Nouvelle gamme ID.3\" decoding=\"async\" fetchpriority=\"high\" srcset=\"https:\/\/www.evearly.news\/fr\/wp-content\/uploads\/sites\/6\/2024\/06\/une-nouvelle-gamme-pour-la-volkswagen-id-3.jpg 1000w, https:\/\/www.evearly.news\/fr\/wp-content\/uploads\/sites\/6\/2024\/06\/une-nouvelle-gamme-pour-la-volkswagen-id-3-1.jpg 300w, https:\/\/www.evearly.news\/fr\/wp-content\/uploads\/sites\/6\/2024\/06\/une-nouvelle-gamme-pour-la-volkswagen-id-3-2.jpg 998w, https:\/\/www.avem.fr\/wp-content\/uploads\/2024\/06\/Nouvelle-gamme-ID.3-Une-768x432.jpg 768w\" sizes=\"(max-width: 1000px) 100vw, 1000px\" \/>Apr\u00e8s avoir d\u00e9j\u00e0 baiss\u00e9 ses prix en d\u00e9but d\u2019ann\u00e9e, Volkswagen poursuit sa politique visant \u00e0 am\u00e9liorer les ventes de l\u2019ID.3. Aujourd\u2019hui, Volkswagen \u00e9largit la gamme de l\u2019ID.3 avec une version d\u2019entr\u00e9e de gamme plus accessible. Jusqu\u2019\u00e0 pr\u00e9sent, elle proposait deux versions de sa compacte \u00e9lectrique qui toutes les deux embarquaient [\u2026] <a href=\"https:\/\/www.avem.fr\/2024\/06\/03\/une-nouvelle-gamme-pour-la-volkswagen-id-3\/\" target=\"blank\" rel=\"noopener\">Lire la suite&#8230;<\/a><\/p>\n","protected":false},"excerpt":{"rendered":"<p><img loading=\"lazy\" decoding=\"async\" width=\"1000\" height=\"563\" src=\"https:\/\/www.evearly.news\/fr\/wp-content\/uploads\/sites\/6\/2024\/06\/une-nouvelle-gamme-pour-la-volkswagen-id-3.jpg\" class=\"attachment-post-thumbnail size-post-thumbnail wp-post-image\" alt=\"Volkswagen Nouvelle gamme ID.3\" \/>Apr\u00e8s avoir d\u00e9j\u00e0 baiss\u00e9 ses prix en d\u00e9but d\u2019ann\u00e9e, Volkswagen poursuit sa politique visant \u00e0 am\u00e9liorer les ventes de l\u2019ID.3. Aujourd\u2019hui, Volkswagen \u00e9largit la gamme de l\u2019ID.3 avec une version d\u2019entr\u00e9e de gamme plus accessible. Jusqu\u2019\u00e0 pr\u00e9sent, elle proposait deux versions de sa compacte \u00e9lectrique qui toutes les deux embarquaient [\u2026] <a class=\"continue-reading-link\" href=\"https:\/\/www.evearly.news\/fr\/une-nouvelle-gamme-pour-la-volkswagen-id-3\/\"><\/a><\/p>\n","protected":false},"author":3,"featured_media":281759,"comment_status":"closed","ping_status":"open","sticky":false,"template":"Default","format":"standard","meta":{"footnotes":""},"categories":[3],"tags":[],"class_list":["post-281758","post","type-post","status-publish","format-standard","has-post-thumbnail","hentry","category-avem"],"_links":{"self":[{"href":"https:\/\/www.evearly.news\/fr\/wp-json\/wp\/v2\/posts\/281758","targetHints":{"allow":["GET"]}}],"collection":[{"href":"https:\/\/www.evearly.news\/fr\/wp-json\/wp\/v2\/posts"}],"about":[{"href":"https:\/\/www.evearly.news\/fr\/wp-json\/wp\/v2\/types\/post"}],"author":[{"embeddable":true,"href":"https:\/\/www.evearly.news\/fr\/wp-json\/wp\/v2\/users\/3"}],"replies":[{"embeddable":true,"href":"https:\/\/www.evearly.news\/fr\/wp-json\/wp\/v2\/comments?post=281758"}],"version-history":[{"count":0,"href":"https:\/\/www.evearly.news\/fr\/wp-json\/wp\/v2\/posts\/281758\/revisions"}],"wp:featuredmedia":[{"embeddable":true,"href":"https:\/\/www.evearly.news\/fr\/wp-json\/wp\/v2\/media\/281759"}],"wp:attachment":[{"href":"https:\/\/www.evearly.news\/fr\/wp-json\/wp\/v2\/media?parent=281758"}],"wp:term":[{"taxonomy":"category","embeddable":true,"href":"https:\/\/www.evearly.news\/fr\/wp-json\/wp\/v2\/categories?post=281758"},{"taxonomy":"post_tag","embeddable":true,"href":"https:\/\/www.evearly.news\/fr\/wp-json\/wp\/v2\/tags?post=281758"}],"curies":[{"name":"wp","href":"https:\/\/api.w.org\/{rel}","templated":true}]}}