{"id":281788,"date":"2024-06-03T12:55:39","date_gmt":"2024-06-03T10:55:39","guid":{"rendered":"https:\/\/www.evearly.news\/fr\/volkswagen-transporter-t7-premieres-images-de-la-future-generation\/"},"modified":"2024-06-03T12:55:39","modified_gmt":"2024-06-03T10:55:39","slug":"volkswagen-transporter-t7-premieres-images-de-la-future-generation","status":"publish","type":"post","link":"https:\/\/www.evearly.news\/fr\/volkswagen-transporter-t7-premieres-images-de-la-future-generation\/","title":{"rendered":"Volkswagen Transporter T7 : premi\u00e8res images de la future g\u00e9n\u00e9ration"},"content":{"rendered":"<div class=\"media_block\"><img decoding=\"async\" src=\"https:\/\/www.evearly.news\/fr\/wp-content\/uploads\/sites\/6\/2024\/06\/volkswagen-transporter-t7-premieres-images-de-la-future-generation.jpg\"><\/div>\n<p>Le nouveau Volkswagen T7 fera base commune avec le Ford Transit Custom. Mais la marque de Wolfsburg a mis les bouch\u00e9es doubles pour que cela ne se voit pas. Un exercice impos\u00e9 pour l\u2019h\u00e9ritier du Combi. <a href=\"https:\/\/www.automobile-magazine.fr\/utilitaires\/article\/43183-volkswagen-transporter-t7-premieres-images-de-la-future-generation\" target='bwindow' rel=\"noopener\">Lire la suite&#8230;<\/a><\/p>\n","protected":false},"excerpt":{"rendered":"<div class=\"media_block\"><img decoding=\"async\" src=\"https:\/\/www.evearly.news\/fr\/wp-content\/uploads\/sites\/6\/2024\/06\/volkswagen-transporter-t7-premieres-images-de-la-future-generation.jpg\"><\/div>\n<p> <a class=\"continue-reading-link\" href=\"https:\/\/www.evearly.news\/fr\/volkswagen-transporter-t7-premieres-images-de-la-future-generation\/\"><\/a><\/p>\n","protected":false},"author":7,"featured_media":281789,"comment_status":"closed","ping_status":"open","sticky":false,"template":"Default","format":"standard","meta":{"footnotes":""},"categories":[7],"tags":[],"class_list":["post-281788","post","type-post","status-publish","format-standard","has-post-thumbnail","hentry","category-automobile-magazine"],"_links":{"self":[{"href":"https:\/\/www.evearly.news\/fr\/wp-json\/wp\/v2\/posts\/281788","targetHints":{"allow":["GET"]}}],"collection":[{"href":"https:\/\/www.evearly.news\/fr\/wp-json\/wp\/v2\/posts"}],"about":[{"href":"https:\/\/www.evearly.news\/fr\/wp-json\/wp\/v2\/types\/post"}],"author":[{"embeddable":true,"href":"https:\/\/www.evearly.news\/fr\/wp-json\/wp\/v2\/users\/7"}],"replies":[{"embeddable":true,"href":"https:\/\/www.evearly.news\/fr\/wp-json\/wp\/v2\/comments?post=281788"}],"version-history":[{"count":0,"href":"https:\/\/www.evearly.news\/fr\/wp-json\/wp\/v2\/posts\/281788\/revisions"}],"wp:featuredmedia":[{"embeddable":true,"href":"https:\/\/www.evearly.news\/fr\/wp-json\/wp\/v2\/media\/281789"}],"wp:attachment":[{"href":"https:\/\/www.evearly.news\/fr\/wp-json\/wp\/v2\/media?parent=281788"}],"wp:term":[{"taxonomy":"category","embeddable":true,"href":"https:\/\/www.evearly.news\/fr\/wp-json\/wp\/v2\/categories?post=281788"},{"taxonomy":"post_tag","embeddable":true,"href":"https:\/\/www.evearly.news\/fr\/wp-json\/wp\/v2\/tags?post=281788"}],"curies":[{"name":"wp","href":"https:\/\/api.w.org\/{rel}","templated":true}]}}