{"id":281838,"date":"2024-06-04T11:57:44","date_gmt":"2024-06-04T09:57:44","guid":{"rendered":"https:\/\/www.evearly.news\/fr\/bonne-nouvelle-pour-la-duree-de-vie-des-batteries-de-voitures-electriques-comme-le-prouvent-ces-chiffres\/"},"modified":"2024-06-04T11:57:44","modified_gmt":"2024-06-04T09:57:44","slug":"bonne-nouvelle-pour-la-duree-de-vie-des-batteries-de-voitures-electriques-comme-le-prouvent-ces-chiffres","status":"publish","type":"post","link":"https:\/\/www.evearly.news\/fr\/bonne-nouvelle-pour-la-duree-de-vie-des-batteries-de-voitures-electriques-comme-le-prouvent-ces-chiffres\/","title":{"rendered":"Bonne nouvelle pour la dur\u00e9e de vie des batteries de voitures \u00e9lectriques comme le prouvent ces chiffres"},"content":{"rendered":"<p><img width=\"1200\" height=\"800\" src=\"https:\/\/www.evearly.news\/fr\/wp-content\/uploads\/sites\/6\/2024\/06\/bonne-nouvelle-pour-la-duree-de-vie-des-batteries-de-voitures-electriques-comme-le-prouvent-ces-chiffres.jpg\" class=\"attachment-large size-large wp-post-image\" alt=\"\" decoding=\"async\" loading=\"lazy\" \/<br \/>Selon une r\u00e9cente \u00e9tude, seulement 2,5\u00a0% des batteries de voitures \u00e9lectriques ont \u00e9t\u00e9 remplac\u00e9es \u00e0 cause de d\u00e9fauts. Une bonne nouvelle pour les conducteurs, d\u2019autant plus que ce chiffre pourrait encore baisser au cours des prochaines ann\u00e9es. <a href=\"https:\/\/www.frandroid.com\/survoltes\/voitures-electriques\/2037756_bonne-nouvelle-pour-la-duree-de-vie-des-batteries-de-voitures-electriques-comme-le-prouvent-ces-chiffres\" target='bwindow' rel=\"noopener\">Lire la suite&#8230;<\/a><\/p>\n","protected":false},"excerpt":{"rendered":"<p>&lt;img width=&quot;1200&quot; height=&quot;800&quot; src=&quot;https:\/\/www.evearly.news\/fr\/wp-content\/uploads\/sites\/6\/2024\/06\/bonne-nouvelle-pour-la-duree-de-vie-des-batteries-de-voitures-electriques-comme-le-prouvent-ces-chiffres.jpg&quot; class=&quot;attachment-large size-large wp-post-image&quot; alt=&quot;&quot; decoding=&quot;async&quot; loading=&quot;lazy&quot; \/<br \/>Selon une r\u00e9cente \u00e9tude, seulement 2,5\u00a0% des batteries de voitures \u00e9lectriques ont \u00e9t\u00e9 remplac\u00e9es \u00e0 cause de d\u00e9fauts. Une bonne nouvelle pour les conducteurs, d\u2019autant plus que ce chiffre pourrait encore baisser au cours des prochaines ann\u00e9es.<\/p>\n<p> <a class=\"continue-reading-link\" href=\"https:\/\/www.evearly.news\/fr\/bonne-nouvelle-pour-la-duree-de-vie-des-batteries-de-voitures-electriques-comme-le-prouvent-ces-chiffres\/\"><\/a><\/p>\n","protected":false},"author":6,"featured_media":281839,"comment_status":"closed","ping_status":"open","sticky":false,"template":"Default","format":"standard","meta":{"footnotes":""},"categories":[14],"tags":[],"class_list":["post-281838","post","type-post","status-publish","format-standard","has-post-thumbnail","hentry","category-frandroid"],"_links":{"self":[{"href":"https:\/\/www.evearly.news\/fr\/wp-json\/wp\/v2\/posts\/281838","targetHints":{"allow":["GET"]}}],"collection":[{"href":"https:\/\/www.evearly.news\/fr\/wp-json\/wp\/v2\/posts"}],"about":[{"href":"https:\/\/www.evearly.news\/fr\/wp-json\/wp\/v2\/types\/post"}],"author":[{"embeddable":true,"href":"https:\/\/www.evearly.news\/fr\/wp-json\/wp\/v2\/users\/6"}],"replies":[{"embeddable":true,"href":"https:\/\/www.evearly.news\/fr\/wp-json\/wp\/v2\/comments?post=281838"}],"version-history":[{"count":0,"href":"https:\/\/www.evearly.news\/fr\/wp-json\/wp\/v2\/posts\/281838\/revisions"}],"wp:featuredmedia":[{"embeddable":true,"href":"https:\/\/www.evearly.news\/fr\/wp-json\/wp\/v2\/media\/281839"}],"wp:attachment":[{"href":"https:\/\/www.evearly.news\/fr\/wp-json\/wp\/v2\/media?parent=281838"}],"wp:term":[{"taxonomy":"category","embeddable":true,"href":"https:\/\/www.evearly.news\/fr\/wp-json\/wp\/v2\/categories?post=281838"},{"taxonomy":"post_tag","embeddable":true,"href":"https:\/\/www.evearly.news\/fr\/wp-json\/wp\/v2\/tags?post=281838"}],"curies":[{"name":"wp","href":"https:\/\/api.w.org\/{rel}","templated":true}]}}