{"id":281840,"date":"2024-06-04T11:58:05","date_gmt":"2024-06-04T09:58:05","guid":{"rendered":"https:\/\/www.evearly.news\/fr\/le-volant-a-tourne-tout-seul-cette-voiture-electrique-vendue-en-france-est-visee-par-une-enquete-apres-un-accident-mortel\/"},"modified":"2024-06-04T11:58:05","modified_gmt":"2024-06-04T09:58:05","slug":"le-volant-a-tourne-tout-seul-cette-voiture-electrique-vendue-en-france-est-visee-par-une-enquete-apres-un-accident-mortel","status":"publish","type":"post","link":"https:\/\/www.evearly.news\/fr\/le-volant-a-tourne-tout-seul-cette-voiture-electrique-vendue-en-france-est-visee-par-une-enquete-apres-un-accident-mortel\/","title":{"rendered":"\u00ab\u00a0Le volant a tourn\u00e9 tout seul \u00bb : cette voiture \u00e9lectrique vendue en France est vis\u00e9e par une enqu\u00eate apr\u00e8s un accident mortel"},"content":{"rendered":"<p><img width=\"1200\" height=\"675\" src=\"https:\/\/www.evearly.news\/fr\/wp-content\/uploads\/sites\/6\/2024\/06\/le-volant-a-tourne-tout-seul-cette-voiture-electrique-vendue-en-france-est-visee-par-une-enquete-apres-un-accident-mortel.jpg\" class=\"attachment-large size-large wp-post-image\" alt=\"\" decoding=\"async\" loading=\"lazy\" \/<br \/>Le nouveau VinFast VF8, d\u00e9j\u00e0 commercialis\u00e9 en France est actuellement dans la tourmente. Le SUV \u00e9lectrique est en effet vis\u00e9 par une enqu\u00eate aux \u00c9tats-Unis apr\u00e8s un grave accident ayant co\u00fbt\u00e9 la vie \u00e0 une famille de quatre personnes. En cause : des aides \u00e0 la conduite d\u00e9fectueuses. <a href=\"https:\/\/www.frandroid.com\/marques\/vinfast\/2037846_le-volant-a-tourne-tout-seul-cette-voiture-electrique-vendue-en-france-est-visee-par-une-enquete-apres-un-accident-mortel\" target='bwindow' rel=\"noopener\">Lire la suite&#8230;<\/a><\/p>\n","protected":false},"excerpt":{"rendered":"<p>&lt;img width=&quot;1200&quot; height=&quot;675&quot; src=&quot;https:\/\/www.evearly.news\/fr\/wp-content\/uploads\/sites\/6\/2024\/06\/le-volant-a-tourne-tout-seul-cette-voiture-electrique-vendue-en-france-est-visee-par-une-enquete-apres-un-accident-mortel.jpg&quot; class=&quot;attachment-large size-large wp-post-image&quot; alt=&quot;&quot; decoding=&quot;async&quot; loading=&quot;lazy&quot; \/<br \/>Le nouveau VinFast VF8, d\u00e9j\u00e0 commercialis\u00e9 en France est actuellement dans la tourmente. Le SUV \u00e9lectrique est en effet vis\u00e9 par une enqu\u00eate aux \u00c9tats-Unis apr\u00e8s un grave accident ayant co\u00fbt\u00e9 la vie \u00e0 une famille de quatre personnes. En cause : des aides \u00e0 la conduite d\u00e9fectueuses.<\/p>\n<p> <a class=\"continue-reading-link\" href=\"https:\/\/www.evearly.news\/fr\/le-volant-a-tourne-tout-seul-cette-voiture-electrique-vendue-en-france-est-visee-par-une-enquete-apres-un-accident-mortel\/\"><\/a><\/p>\n","protected":false},"author":6,"featured_media":281841,"comment_status":"closed","ping_status":"open","sticky":false,"template":"Default","format":"standard","meta":{"footnotes":""},"categories":[14],"tags":[],"class_list":["post-281840","post","type-post","status-publish","format-standard","has-post-thumbnail","hentry","category-frandroid"],"_links":{"self":[{"href":"https:\/\/www.evearly.news\/fr\/wp-json\/wp\/v2\/posts\/281840","targetHints":{"allow":["GET"]}}],"collection":[{"href":"https:\/\/www.evearly.news\/fr\/wp-json\/wp\/v2\/posts"}],"about":[{"href":"https:\/\/www.evearly.news\/fr\/wp-json\/wp\/v2\/types\/post"}],"author":[{"embeddable":true,"href":"https:\/\/www.evearly.news\/fr\/wp-json\/wp\/v2\/users\/6"}],"replies":[{"embeddable":true,"href":"https:\/\/www.evearly.news\/fr\/wp-json\/wp\/v2\/comments?post=281840"}],"version-history":[{"count":0,"href":"https:\/\/www.evearly.news\/fr\/wp-json\/wp\/v2\/posts\/281840\/revisions"}],"wp:featuredmedia":[{"embeddable":true,"href":"https:\/\/www.evearly.news\/fr\/wp-json\/wp\/v2\/media\/281841"}],"wp:attachment":[{"href":"https:\/\/www.evearly.news\/fr\/wp-json\/wp\/v2\/media?parent=281840"}],"wp:term":[{"taxonomy":"category","embeddable":true,"href":"https:\/\/www.evearly.news\/fr\/wp-json\/wp\/v2\/categories?post=281840"},{"taxonomy":"post_tag","embeddable":true,"href":"https:\/\/www.evearly.news\/fr\/wp-json\/wp\/v2\/tags?post=281840"}],"curies":[{"name":"wp","href":"https:\/\/api.w.org\/{rel}","templated":true}]}}