{"id":281847,"date":"2024-06-04T12:55:30","date_gmt":"2024-06-04T10:55:30","guid":{"rendered":"https:\/\/www.evearly.news\/fr\/les-voitures-hybrides-rechargeables-pourraient-disparaitre-deurope-avec-cette-decision-forte\/"},"modified":"2024-06-04T12:55:30","modified_gmt":"2024-06-04T10:55:30","slug":"les-voitures-hybrides-rechargeables-pourraient-disparaitre-deurope-avec-cette-decision-forte","status":"publish","type":"post","link":"https:\/\/www.evearly.news\/fr\/les-voitures-hybrides-rechargeables-pourraient-disparaitre-deurope-avec-cette-decision-forte\/","title":{"rendered":"Les voitures hybrides rechargeables pourraient dispara\u00eetre d\u2019Europe avec cette d\u00e9cision forte"},"content":{"rendered":"<p><img width=\"1200\" height=\"800\" src=\"https:\/\/www.evearly.news\/fr\/wp-content\/uploads\/sites\/6\/2024\/06\/les-voitures-hybrides-rechargeables-pourraient-disparaitre-deurope-avec-cette-decision-forte.jpg\" class=\"attachment-large size-large wp-post-image\" alt=\"\" decoding=\"async\" loading=\"lazy\" \/<br \/>Tr\u00e8s nocives pour l\u2019environnement car souvent mal utilis\u00e9es, les voitures hybrides rechargeables sont dans le viseur de l\u2019Union europ\u00e9enne. Ainsi, la Commission veut d\u00e9sormais prendre en compte l&rsquo;usage r\u00e9el, ce qui aura pour effet de faire flamber la consommation. Avec \u00e0 la cl\u00e9 des mesures plus punitives.  <a href=\"https:\/\/www.frandroid.com\/survoltes\/voitures-electriques\/voitures-hybrides\/2037898_les-voitures-hybrides-rechargeables-pourraient-disparaitre-deurope-avec-cette-decision-forte\" target='bwindow' rel=\"noopener\">Lire la suite&#8230;<\/a><\/p>\n","protected":false},"excerpt":{"rendered":"<p>&lt;img width=&quot;1200&quot; height=&quot;800&quot; src=&quot;https:\/\/www.evearly.news\/fr\/wp-content\/uploads\/sites\/6\/2024\/06\/les-voitures-hybrides-rechargeables-pourraient-disparaitre-deurope-avec-cette-decision-forte.jpg&quot; class=&quot;attachment-large size-large wp-post-image&quot; alt=&quot;&quot; decoding=&quot;async&quot; loading=&quot;lazy&quot; \/<br \/>Tr\u00e8s nocives pour l\u2019environnement car souvent mal utilis\u00e9es, les voitures hybrides rechargeables sont dans le viseur de l\u2019Union europ\u00e9enne. Ainsi, la Commission veut d\u00e9sormais prendre en compte l&rsquo;usage r\u00e9el, ce qui aura pour effet de faire flamber la consommation. Avec \u00e0 la cl\u00e9 des mesures plus punitives. <\/p>\n<p> <a class=\"continue-reading-link\" href=\"https:\/\/www.evearly.news\/fr\/les-voitures-hybrides-rechargeables-pourraient-disparaitre-deurope-avec-cette-decision-forte\/\"><\/a><\/p>\n","protected":false},"author":6,"featured_media":281848,"comment_status":"closed","ping_status":"open","sticky":false,"template":"Default","format":"standard","meta":{"footnotes":""},"categories":[14],"tags":[],"class_list":["post-281847","post","type-post","status-publish","format-standard","has-post-thumbnail","hentry","category-frandroid"],"_links":{"self":[{"href":"https:\/\/www.evearly.news\/fr\/wp-json\/wp\/v2\/posts\/281847","targetHints":{"allow":["GET"]}}],"collection":[{"href":"https:\/\/www.evearly.news\/fr\/wp-json\/wp\/v2\/posts"}],"about":[{"href":"https:\/\/www.evearly.news\/fr\/wp-json\/wp\/v2\/types\/post"}],"author":[{"embeddable":true,"href":"https:\/\/www.evearly.news\/fr\/wp-json\/wp\/v2\/users\/6"}],"replies":[{"embeddable":true,"href":"https:\/\/www.evearly.news\/fr\/wp-json\/wp\/v2\/comments?post=281847"}],"version-history":[{"count":0,"href":"https:\/\/www.evearly.news\/fr\/wp-json\/wp\/v2\/posts\/281847\/revisions"}],"wp:featuredmedia":[{"embeddable":true,"href":"https:\/\/www.evearly.news\/fr\/wp-json\/wp\/v2\/media\/281848"}],"wp:attachment":[{"href":"https:\/\/www.evearly.news\/fr\/wp-json\/wp\/v2\/media?parent=281847"}],"wp:term":[{"taxonomy":"category","embeddable":true,"href":"https:\/\/www.evearly.news\/fr\/wp-json\/wp\/v2\/categories?post=281847"},{"taxonomy":"post_tag","embeddable":true,"href":"https:\/\/www.evearly.news\/fr\/wp-json\/wp\/v2\/tags?post=281847"}],"curies":[{"name":"wp","href":"https:\/\/api.w.org\/{rel}","templated":true}]}}