{"id":282056,"date":"2024-06-07T14:50:14","date_gmt":"2024-06-07T12:50:14","guid":{"rendered":"https:\/\/www.evearly.news\/fr\/et-si-on-arretait-de-se-faire-peur-avec-lelectrique\/"},"modified":"2024-06-07T14:50:14","modified_gmt":"2024-06-07T12:50:14","slug":"et-si-on-arretait-de-se-faire-peur-avec-lelectrique","status":"publish","type":"post","link":"https:\/\/www.evearly.news\/fr\/et-si-on-arretait-de-se-faire-peur-avec-lelectrique\/","title":{"rendered":"Et si on arr\u00eatait de se faire peur avec l\u2019\u00e9lectrique ?"},"content":{"rendered":"<p><img decoding=\"async\" src=\"https:\/\/www.evearly.news\/fr\/wp-content\/uploads\/sites\/6\/2024\/06\/et-si-on-arretait-de-se-faire-peur-avec-lelectrique.jpg\"\/><br \/>\n\t\t\t\t\tMalgr\u00e9 les difficult\u00e9s passag\u00e8res et in\u00e9vitables quand une telle r\u00e9volution s\u2019op\u00e8re dans les mobilit\u00e9s du quotidien, rien n&rsquo;arr\u00eatera plus la transition vers le \u00ab z\u00e9ro \u00e9mission \u00bb. Voici pourquoi. <a href=\"https:\/\/www.caradisiac.com\/et-si-on-arretait-de-se-faire-peur-avec-l-electrique-209243.htm#xtor=RSS-40\" target=\"blank\" rel=\"noopener\">Lire la suite&#8230;<\/a><\/p>\n","protected":false},"excerpt":{"rendered":"<p><img decoding=\"async\" src=\"https:\/\/www.evearly.news\/fr\/wp-content\/uploads\/sites\/6\/2024\/06\/et-si-on-arretait-de-se-faire-peur-avec-lelectrique.jpg\" \/><br \/>\n\t\t\t\t\tMalgr\u00e9 les difficult\u00e9s passag\u00e8res et in\u00e9vitables quand une telle r\u00e9volution s\u2019op\u00e8re dans les mobilit\u00e9s du quotidien, rien n&rsquo;arr\u00eatera plus la transition vers le \u00ab z\u00e9ro \u00e9mission \u00bb. Voici pourquoi.<\/p>\n<p> <a class=\"continue-reading-link\" href=\"https:\/\/www.evearly.news\/fr\/et-si-on-arretait-de-se-faire-peur-avec-lelectrique\/\"><\/a><\/p>\n","protected":false},"author":11,"featured_media":282057,"comment_status":"closed","ping_status":"open","sticky":false,"template":"Default","format":"standard","meta":{"footnotes":""},"categories":[11],"tags":[],"class_list":["post-282056","post","type-post","status-publish","format-standard","has-post-thumbnail","hentry","category-caradisiac"],"_links":{"self":[{"href":"https:\/\/www.evearly.news\/fr\/wp-json\/wp\/v2\/posts\/282056","targetHints":{"allow":["GET"]}}],"collection":[{"href":"https:\/\/www.evearly.news\/fr\/wp-json\/wp\/v2\/posts"}],"about":[{"href":"https:\/\/www.evearly.news\/fr\/wp-json\/wp\/v2\/types\/post"}],"author":[{"embeddable":true,"href":"https:\/\/www.evearly.news\/fr\/wp-json\/wp\/v2\/users\/11"}],"replies":[{"embeddable":true,"href":"https:\/\/www.evearly.news\/fr\/wp-json\/wp\/v2\/comments?post=282056"}],"version-history":[{"count":0,"href":"https:\/\/www.evearly.news\/fr\/wp-json\/wp\/v2\/posts\/282056\/revisions"}],"wp:featuredmedia":[{"embeddable":true,"href":"https:\/\/www.evearly.news\/fr\/wp-json\/wp\/v2\/media\/282057"}],"wp:attachment":[{"href":"https:\/\/www.evearly.news\/fr\/wp-json\/wp\/v2\/media?parent=282056"}],"wp:term":[{"taxonomy":"category","embeddable":true,"href":"https:\/\/www.evearly.news\/fr\/wp-json\/wp\/v2\/categories?post=282056"},{"taxonomy":"post_tag","embeddable":true,"href":"https:\/\/www.evearly.news\/fr\/wp-json\/wp\/v2\/tags?post=282056"}],"curies":[{"name":"wp","href":"https:\/\/api.w.org\/{rel}","templated":true}]}}