{"id":282058,"date":"2024-06-07T15:21:05","date_gmt":"2024-06-07T13:21:05","guid":{"rendered":"https:\/\/www.evearly.news\/fr\/peugeot-ne-compte-pas-lancer-une-nouvelle-sportive-electrifiee-pse\/"},"modified":"2024-06-07T15:21:05","modified_gmt":"2024-06-07T13:21:05","slug":"peugeot-ne-compte-pas-lancer-une-nouvelle-sportive-electrifiee-pse","status":"publish","type":"post","link":"https:\/\/www.evearly.news\/fr\/peugeot-ne-compte-pas-lancer-une-nouvelle-sportive-electrifiee-pse\/","title":{"rendered":"Peugeot ne compte pas lancer une nouvelle sportive \u00e9lectrifi\u00e9e PSE"},"content":{"rendered":"<p><img decoding=\"async\" width=\"500\" height=\"333\" src=\"https:\/\/www.evearly.news\/fr\/wp-content\/uploads\/sites\/6\/2024\/06\/peugeot-ne-compte-pas-lancer-une-nouvelle-sportive-electrifiee-pse.jpg\" class=\"attachment-1200x800 size-1200x800 wp-post-image\" alt=\"\" loading=\"lazy\" srcset=\"https:\/\/www.evearly.news\/fr\/wp-content\/uploads\/sites\/6\/2024\/06\/peugeot-ne-compte-pas-lancer-une-nouvelle-sportive-electrifiee-pse.jpg 1500w, https:\/\/www.evearly.news\/fr\/wp-content\/uploads\/sites\/6\/2024\/06\/peugeot-ne-compte-pas-lancer-une-nouvelle-sportive-electrifiee-pse-1.jpg 1200w, https:\/\/www.evearly.news\/fr\/wp-content\/uploads\/sites\/6\/2024\/06\/peugeot-ne-compte-pas-lancer-une-nouvelle-sportive-electrifiee-pse-2.jpg 1024w, https:\/\/www.evearly.news\/fr\/wp-content\/uploads\/sites\/6\/2024\/06\/peugeot-ne-compte-pas-lancer-une-nouvelle-sportive-electrifiee-pse-3.jpg 768w, https:\/\/cdn.automobile-propre.com\/uploads\/2023\/02\/peugeot_508swperfo_2302ad_002_fr-63f71c1cc4e4e_63f71c5b41e0a-620x344.jpg 620w\" sizes=\"auto, (max-width: 1200px) 100vw, 1200px\" \/><br \/>\nPeugeot n\u2019a pas pr\u00e9vu de lancer une autre sportive \u00e9lectrifi\u00e9e PSE. La porte reste ouverte pour un mod\u00e8le muscl\u00e9 100\u2026\u00a0<a href=\"https:\/\/www.automobile-propre.com\/peugeot-ne-compte-pas-lancer-une-nouvelle-sportive-electrifiee-pse\/\" target='bwindow' rel=\"noopener\">Lire la suite&#8230;<\/a><\/p>\n","protected":false},"excerpt":{"rendered":"<p>&#8230; <a class=\"continue-reading-link\" href=\"https:\/\/www.evearly.news\/fr\/peugeot-ne-compte-pas-lancer-une-nouvelle-sportive-electrifiee-pse\/\"><\/a><\/p>\n","protected":false},"author":8,"featured_media":282059,"comment_status":"closed","ping_status":"open","sticky":false,"template":"Default","format":"standard","meta":{"footnotes":""},"categories":[8],"tags":[],"class_list":["post-282058","post","type-post","status-publish","format-standard","has-post-thumbnail","hentry","category-automobile-propre"],"_links":{"self":[{"href":"https:\/\/www.evearly.news\/fr\/wp-json\/wp\/v2\/posts\/282058","targetHints":{"allow":["GET"]}}],"collection":[{"href":"https:\/\/www.evearly.news\/fr\/wp-json\/wp\/v2\/posts"}],"about":[{"href":"https:\/\/www.evearly.news\/fr\/wp-json\/wp\/v2\/types\/post"}],"author":[{"embeddable":true,"href":"https:\/\/www.evearly.news\/fr\/wp-json\/wp\/v2\/users\/8"}],"replies":[{"embeddable":true,"href":"https:\/\/www.evearly.news\/fr\/wp-json\/wp\/v2\/comments?post=282058"}],"version-history":[{"count":0,"href":"https:\/\/www.evearly.news\/fr\/wp-json\/wp\/v2\/posts\/282058\/revisions"}],"wp:featuredmedia":[{"embeddable":true,"href":"https:\/\/www.evearly.news\/fr\/wp-json\/wp\/v2\/media\/282059"}],"wp:attachment":[{"href":"https:\/\/www.evearly.news\/fr\/wp-json\/wp\/v2\/media?parent=282058"}],"wp:term":[{"taxonomy":"category","embeddable":true,"href":"https:\/\/www.evearly.news\/fr\/wp-json\/wp\/v2\/categories?post=282058"},{"taxonomy":"post_tag","embeddable":true,"href":"https:\/\/www.evearly.news\/fr\/wp-json\/wp\/v2\/tags?post=282058"}],"curies":[{"name":"wp","href":"https:\/\/api.w.org\/{rel}","templated":true}]}}