{"id":282190,"date":"2024-06-10T20:02:25","date_gmt":"2024-06-10T18:02:25","guid":{"rendered":"https:\/\/www.evearly.news\/fr\/pour-continuer-a-vendre-ses-voitures-electriques-en-europe-volvo-a-pris-une-decision-importante\/"},"modified":"2024-06-10T20:02:25","modified_gmt":"2024-06-10T18:02:25","slug":"pour-continuer-a-vendre-ses-voitures-electriques-en-europe-volvo-a-pris-une-decision-importante","status":"publish","type":"post","link":"https:\/\/www.evearly.news\/fr\/pour-continuer-a-vendre-ses-voitures-electriques-en-europe-volvo-a-pris-une-decision-importante\/","title":{"rendered":"Pour continuer \u00e0 vendre ses voitures \u00e9lectriques en Europe, Volvo a pris une d\u00e9cision importante"},"content":{"rendered":"<p><img width=\"1200\" height=\"900\" src=\"https:\/\/www.evearly.news\/fr\/wp-content\/uploads\/sites\/6\/2024\/06\/pour-continuer-a-vendre-ses-voitures-electriques-en-europe-volvo-a-pris-une-decision-importante.jpg\" class=\"attachment-large size-large wp-post-image\" alt=\"\" decoding=\"async\" loading=\"lazy\" \/<br \/>Volvo, le constructeur automobile su\u00e9dois, a pris un virage important pour continuer \u00e0 vendre en Europe. <a href=\"https:\/\/www.frandroid.com\/marques\/volvo\/2043596_pour-continuer-a-vendre-ses-voitures-electriques-en-europe-volvo-a-pris-une-decision-importante\" target='bwindow' rel=\"noopener\">Lire la suite&#8230;<\/a><\/p>\n","protected":false},"excerpt":{"rendered":"<p>&lt;img width=&quot;1200&quot; height=&quot;900&quot; src=&quot;https:\/\/www.evearly.news\/fr\/wp-content\/uploads\/sites\/6\/2024\/06\/pour-continuer-a-vendre-ses-voitures-electriques-en-europe-volvo-a-pris-une-decision-importante.jpg&quot; class=&quot;attachment-large size-large wp-post-image&quot; alt=&quot;&quot; decoding=&quot;async&quot; loading=&quot;lazy&quot; \/<br \/>Volvo, le constructeur automobile su\u00e9dois, a pris un virage important pour continuer \u00e0 vendre en Europe.<\/p>\n<p> <a class=\"continue-reading-link\" href=\"https:\/\/www.evearly.news\/fr\/pour-continuer-a-vendre-ses-voitures-electriques-en-europe-volvo-a-pris-une-decision-importante\/\"><\/a><\/p>\n","protected":false},"author":6,"featured_media":282191,"comment_status":"closed","ping_status":"open","sticky":false,"template":"Default","format":"standard","meta":{"footnotes":""},"categories":[14],"tags":[],"class_list":["post-282190","post","type-post","status-publish","format-standard","has-post-thumbnail","hentry","category-frandroid"],"_links":{"self":[{"href":"https:\/\/www.evearly.news\/fr\/wp-json\/wp\/v2\/posts\/282190","targetHints":{"allow":["GET"]}}],"collection":[{"href":"https:\/\/www.evearly.news\/fr\/wp-json\/wp\/v2\/posts"}],"about":[{"href":"https:\/\/www.evearly.news\/fr\/wp-json\/wp\/v2\/types\/post"}],"author":[{"embeddable":true,"href":"https:\/\/www.evearly.news\/fr\/wp-json\/wp\/v2\/users\/6"}],"replies":[{"embeddable":true,"href":"https:\/\/www.evearly.news\/fr\/wp-json\/wp\/v2\/comments?post=282190"}],"version-history":[{"count":0,"href":"https:\/\/www.evearly.news\/fr\/wp-json\/wp\/v2\/posts\/282190\/revisions"}],"wp:featuredmedia":[{"embeddable":true,"href":"https:\/\/www.evearly.news\/fr\/wp-json\/wp\/v2\/media\/282191"}],"wp:attachment":[{"href":"https:\/\/www.evearly.news\/fr\/wp-json\/wp\/v2\/media?parent=282190"}],"wp:term":[{"taxonomy":"category","embeddable":true,"href":"https:\/\/www.evearly.news\/fr\/wp-json\/wp\/v2\/categories?post=282190"},{"taxonomy":"post_tag","embeddable":true,"href":"https:\/\/www.evearly.news\/fr\/wp-json\/wp\/v2\/tags?post=282190"}],"curies":[{"name":"wp","href":"https:\/\/api.w.org\/{rel}","templated":true}]}}