{"id":282220,"date":"2024-06-11T11:31:28","date_gmt":"2024-06-11T09:31:28","guid":{"rendered":"https:\/\/www.evearly.news\/fr\/tesla-a-trouve-une-solution-pour-rendre-les-essuie-glaces-de-ses-voitures-plus-pratiques\/"},"modified":"2024-06-11T11:31:28","modified_gmt":"2024-06-11T09:31:28","slug":"tesla-a-trouve-une-solution-pour-rendre-les-essuie-glaces-de-ses-voitures-plus-pratiques","status":"publish","type":"post","link":"https:\/\/www.evearly.news\/fr\/tesla-a-trouve-une-solution-pour-rendre-les-essuie-glaces-de-ses-voitures-plus-pratiques\/","title":{"rendered":"Tesla a trouv\u00e9 une solution pour rendre les essuie-glaces de ses voitures plus pratiques"},"content":{"rendered":"<p><img loading=\"lazy\" width=\"1200\" height=\"600\" src=\"https:\/\/www.evearly.news\/fr\/wp-content\/uploads\/sites\/6\/2024\/06\/tesla-a-trouve-une-solution-pour-rendre-les-essuie-glaces-de-ses-voitures-plus-pratiques.jpg\" class=\"attachment-large size-large wp-post-image\" alt=\"\" decoding=\"async\" \/<br \/>D\u00e9cri\u00e9s depuis toujours, les essuie-glaces automatiques de Tesla s&rsquo;am\u00e9liorent tout de m\u00eame au fil du temps. Enfin, le constructeur am\u00e9ricain \u2014 principalement son PDG Elon Musk \u2014 promet r\u00e9guli\u00e8rement des am\u00e9liorations. Aux derni\u00e8res nouvelles, il y a une mani\u00e8re habile d&rsquo;augmenter leur sensibilit\u00e9. <a href=\"https:\/\/www.frandroid.com\/marques\/tesla\/2043102_tesla-a-trouve-une-solution-pour-rendre-les-essuie-glaces-de-ses-voitures-plus-pratiques\" target='bwindow' rel=\"noopener\">Lire la suite&#8230;<\/a><\/p>\n","protected":false},"excerpt":{"rendered":"<p>&lt;img width=&quot;1200&quot; height=&quot;600&quot; src=&quot;https:\/\/www.evearly.news\/fr\/wp-content\/uploads\/sites\/6\/2024\/06\/tesla-a-trouve-une-solution-pour-rendre-les-essuie-glaces-de-ses-voitures-plus-pratiques.jpg&quot; class=&quot;attachment-large size-large wp-post-image&quot; alt=&quot;&quot; decoding=&quot;async&quot; \/<br \/>D\u00e9cri\u00e9s depuis toujours, les essuie-glaces automatiques de Tesla s&rsquo;am\u00e9liorent tout de m\u00eame au fil du temps. Enfin, le constructeur am\u00e9ricain \u2014 principalement son PDG Elon Musk \u2014 promet r\u00e9guli\u00e8rement des am\u00e9liorations. Aux derni\u00e8res nouvelles, il y a une mani\u00e8re habile d&rsquo;augmenter leur sensibilit\u00e9.<\/p>\n<p> <a class=\"continue-reading-link\" href=\"https:\/\/www.evearly.news\/fr\/tesla-a-trouve-une-solution-pour-rendre-les-essuie-glaces-de-ses-voitures-plus-pratiques\/\"><\/a><\/p>\n","protected":false},"author":6,"featured_media":282221,"comment_status":"closed","ping_status":"open","sticky":false,"template":"Default","format":"standard","meta":{"footnotes":""},"categories":[14],"tags":[],"class_list":["post-282220","post","type-post","status-publish","format-standard","has-post-thumbnail","hentry","category-frandroid"],"_links":{"self":[{"href":"https:\/\/www.evearly.news\/fr\/wp-json\/wp\/v2\/posts\/282220","targetHints":{"allow":["GET"]}}],"collection":[{"href":"https:\/\/www.evearly.news\/fr\/wp-json\/wp\/v2\/posts"}],"about":[{"href":"https:\/\/www.evearly.news\/fr\/wp-json\/wp\/v2\/types\/post"}],"author":[{"embeddable":true,"href":"https:\/\/www.evearly.news\/fr\/wp-json\/wp\/v2\/users\/6"}],"replies":[{"embeddable":true,"href":"https:\/\/www.evearly.news\/fr\/wp-json\/wp\/v2\/comments?post=282220"}],"version-history":[{"count":0,"href":"https:\/\/www.evearly.news\/fr\/wp-json\/wp\/v2\/posts\/282220\/revisions"}],"wp:featuredmedia":[{"embeddable":true,"href":"https:\/\/www.evearly.news\/fr\/wp-json\/wp\/v2\/media\/282221"}],"wp:attachment":[{"href":"https:\/\/www.evearly.news\/fr\/wp-json\/wp\/v2\/media?parent=282220"}],"wp:term":[{"taxonomy":"category","embeddable":true,"href":"https:\/\/www.evearly.news\/fr\/wp-json\/wp\/v2\/categories?post=282220"},{"taxonomy":"post_tag","embeddable":true,"href":"https:\/\/www.evearly.news\/fr\/wp-json\/wp\/v2\/tags?post=282220"}],"curies":[{"name":"wp","href":"https:\/\/api.w.org\/{rel}","templated":true}]}}