{"id":282222,"date":"2024-06-11T12:21:57","date_gmt":"2024-06-11T10:21:57","guid":{"rendered":"https:\/\/www.evearly.news\/fr\/apple-nous-fait-encore-rever-avec-la-nouvelle-version-de-carplay\/"},"modified":"2024-06-11T12:21:57","modified_gmt":"2024-06-11T10:21:57","slug":"apple-nous-fait-encore-rever-avec-la-nouvelle-version-de-carplay","status":"publish","type":"post","link":"https:\/\/www.evearly.news\/fr\/apple-nous-fait-encore-rever-avec-la-nouvelle-version-de-carplay\/","title":{"rendered":"Apple nous fait encore r\u00eaver avec la nouvelle version de CarPlay"},"content":{"rendered":"<p><img width=\"1200\" height=\"683\" src=\"https:\/\/www.evearly.news\/fr\/wp-content\/uploads\/sites\/6\/2024\/06\/apple-nous-fait-encore-rever-avec-la-nouvelle-version-de-carplay.jpg\" class=\"attachment-large size-large wp-post-image\" alt=\"\" decoding=\"async\" loading=\"lazy\" \/<br \/>La nouvelle g\u00e9n\u00e9ration de CarPlay arrive \u00e0 la fin de l&rsquo;ann\u00e9e sur les voitures, et elle s&rsquo;annonce prometteuse ! Au menu : davantage d&rsquo;options de personnalisation, des applications in\u00e9dites et des alertes personnalis\u00e9es. <a href=\"https:\/\/www.frandroid.com\/marques\/apple\/2045136_apple-nous-fait-encore-rever-avec-la-nouvelle-version-de-carplay\" target='bwindow' rel=\"noopener\">Lire la suite&#8230;<\/a><\/p>\n","protected":false},"excerpt":{"rendered":"<p>&lt;img width=&quot;1200&quot; height=&quot;683&quot; src=&quot;https:\/\/www.evearly.news\/fr\/wp-content\/uploads\/sites\/6\/2024\/06\/apple-nous-fait-encore-rever-avec-la-nouvelle-version-de-carplay.jpg&quot; class=&quot;attachment-large size-large wp-post-image&quot; alt=&quot;&quot; decoding=&quot;async&quot; loading=&quot;lazy&quot; \/<br \/>La nouvelle g\u00e9n\u00e9ration de CarPlay arrive \u00e0 la fin de l&rsquo;ann\u00e9e sur les voitures, et elle s&rsquo;annonce prometteuse ! Au menu : davantage d&rsquo;options de personnalisation, des applications in\u00e9dites et des alertes personnalis\u00e9es.<\/p>\n<p> <a class=\"continue-reading-link\" href=\"https:\/\/www.evearly.news\/fr\/apple-nous-fait-encore-rever-avec-la-nouvelle-version-de-carplay\/\"><\/a><\/p>\n","protected":false},"author":6,"featured_media":282223,"comment_status":"closed","ping_status":"open","sticky":false,"template":"Default","format":"standard","meta":{"footnotes":""},"categories":[14],"tags":[],"class_list":["post-282222","post","type-post","status-publish","format-standard","has-post-thumbnail","hentry","category-frandroid"],"_links":{"self":[{"href":"https:\/\/www.evearly.news\/fr\/wp-json\/wp\/v2\/posts\/282222","targetHints":{"allow":["GET"]}}],"collection":[{"href":"https:\/\/www.evearly.news\/fr\/wp-json\/wp\/v2\/posts"}],"about":[{"href":"https:\/\/www.evearly.news\/fr\/wp-json\/wp\/v2\/types\/post"}],"author":[{"embeddable":true,"href":"https:\/\/www.evearly.news\/fr\/wp-json\/wp\/v2\/users\/6"}],"replies":[{"embeddable":true,"href":"https:\/\/www.evearly.news\/fr\/wp-json\/wp\/v2\/comments?post=282222"}],"version-history":[{"count":0,"href":"https:\/\/www.evearly.news\/fr\/wp-json\/wp\/v2\/posts\/282222\/revisions"}],"wp:featuredmedia":[{"embeddable":true,"href":"https:\/\/www.evearly.news\/fr\/wp-json\/wp\/v2\/media\/282223"}],"wp:attachment":[{"href":"https:\/\/www.evearly.news\/fr\/wp-json\/wp\/v2\/media?parent=282222"}],"wp:term":[{"taxonomy":"category","embeddable":true,"href":"https:\/\/www.evearly.news\/fr\/wp-json\/wp\/v2\/categories?post=282222"},{"taxonomy":"post_tag","embeddable":true,"href":"https:\/\/www.evearly.news\/fr\/wp-json\/wp\/v2\/tags?post=282222"}],"curies":[{"name":"wp","href":"https:\/\/api.w.org\/{rel}","templated":true}]}}