{"id":282228,"date":"2024-06-11T12:51:16","date_gmt":"2024-06-11T10:51:16","guid":{"rendered":"https:\/\/www.evearly.news\/fr\/volvo-va-t-il-rapatrier-plus-vite-que-prevu-la-production-de-lex30-en-europe\/"},"modified":"2024-06-11T12:51:16","modified_gmt":"2024-06-11T10:51:16","slug":"volvo-va-t-il-rapatrier-plus-vite-que-prevu-la-production-de-lex30-en-europe","status":"publish","type":"post","link":"https:\/\/www.evearly.news\/fr\/volvo-va-t-il-rapatrier-plus-vite-que-prevu-la-production-de-lex30-en-europe\/","title":{"rendered":"Volvo va-t-il rapatrier plus vite que pr\u00e9vu la production de l\u2019EX30 en Europe ?"},"content":{"rendered":"<p><img decoding=\"async\" width=\"500\" height=\"333\" src=\"https:\/\/www.evearly.news\/fr\/wp-content\/uploads\/sites\/6\/2024\/06\/volvo-va-t-il-rapatrier-plus-vite-que-prevu-la-production-de-lex30-en-europe.jpg\" class=\"attachment-1200x800 size-1200x800 wp-post-image\" alt=\"\" loading=\"lazy\" srcset=\"https:\/\/www.evearly.news\/fr\/wp-content\/uploads\/sites\/6\/2024\/06\/volvo-va-t-il-rapatrier-plus-vite-que-prevu-la-production-de-lex30-en-europe.jpg 2048w, https:\/\/www.evearly.news\/fr\/wp-content\/uploads\/sites\/6\/2024\/06\/volvo-va-t-il-rapatrier-plus-vite-que-prevu-la-production-de-lex30-en-europe-1.jpg 1640w, https:\/\/www.evearly.news\/fr\/wp-content\/uploads\/sites\/6\/2024\/06\/volvo-va-t-il-rapatrier-plus-vite-que-prevu-la-production-de-lex30-en-europe-2.jpg 1024w, https:\/\/www.evearly.news\/fr\/wp-content\/uploads\/sites\/6\/2024\/06\/volvo-va-t-il-rapatrier-plus-vite-que-prevu-la-production-de-lex30-en-europe-3.jpg 768w, https:\/\/www.evearly.news\/fr\/wp-content\/uploads\/sites\/6\/2024\/06\/volvo-va-t-il-rapatrier-plus-vite-que-prevu-la-production-de-lex30-en-europe-4.jpg 1536w, https:\/\/cdn.automobile-propre.com\/uploads\/2024\/03\/IMG_2575-620x341.jpg 620w\" sizes=\"auto, (max-width: 1200px) 100vw, 1200px\" \/><br \/>\nProduit en Chine depuis ses d\u00e9buts, le Volvo EX30 sortira peut-\u00eatre plus vite que pr\u00e9vu d\u2019une usine europ\u00e9enne. Le constructeur\u2026\u00a0<a href=\"https:\/\/www.automobile-propre.com\/volvo-delocalise-la-production-de-lex30-en-belgique-pour-eviter-de-payer-des-droits-de-douane\/\" target='bwindow' rel=\"noopener\">Lire la suite&#8230;<\/a><\/p>\n","protected":false},"excerpt":{"rendered":"<p>&#8230; <a class=\"continue-reading-link\" href=\"https:\/\/www.evearly.news\/fr\/volvo-va-t-il-rapatrier-plus-vite-que-prevu-la-production-de-lex30-en-europe\/\"><\/a><\/p>\n","protected":false},"author":8,"featured_media":282229,"comment_status":"closed","ping_status":"open","sticky":false,"template":"Default","format":"standard","meta":{"footnotes":""},"categories":[8],"tags":[],"class_list":["post-282228","post","type-post","status-publish","format-standard","has-post-thumbnail","hentry","category-automobile-propre"],"_links":{"self":[{"href":"https:\/\/www.evearly.news\/fr\/wp-json\/wp\/v2\/posts\/282228","targetHints":{"allow":["GET"]}}],"collection":[{"href":"https:\/\/www.evearly.news\/fr\/wp-json\/wp\/v2\/posts"}],"about":[{"href":"https:\/\/www.evearly.news\/fr\/wp-json\/wp\/v2\/types\/post"}],"author":[{"embeddable":true,"href":"https:\/\/www.evearly.news\/fr\/wp-json\/wp\/v2\/users\/8"}],"replies":[{"embeddable":true,"href":"https:\/\/www.evearly.news\/fr\/wp-json\/wp\/v2\/comments?post=282228"}],"version-history":[{"count":0,"href":"https:\/\/www.evearly.news\/fr\/wp-json\/wp\/v2\/posts\/282228\/revisions"}],"wp:featuredmedia":[{"embeddable":true,"href":"https:\/\/www.evearly.news\/fr\/wp-json\/wp\/v2\/media\/282229"}],"wp:attachment":[{"href":"https:\/\/www.evearly.news\/fr\/wp-json\/wp\/v2\/media?parent=282228"}],"wp:term":[{"taxonomy":"category","embeddable":true,"href":"https:\/\/www.evearly.news\/fr\/wp-json\/wp\/v2\/categories?post=282228"},{"taxonomy":"post_tag","embeddable":true,"href":"https:\/\/www.evearly.news\/fr\/wp-json\/wp\/v2\/tags?post=282228"}],"curies":[{"name":"wp","href":"https:\/\/api.w.org\/{rel}","templated":true}]}}