{"id":282332,"date":"2024-06-13T10:21:37","date_gmt":"2024-06-13T08:21:37","guid":{"rendered":"https:\/\/www.evearly.news\/fr\/nouveau-peugeot-3008-lhybride-rechargeable-plus-cher-que-lelectrique\/"},"modified":"2024-06-13T10:21:37","modified_gmt":"2024-06-13T08:21:37","slug":"nouveau-peugeot-3008-lhybride-rechargeable-plus-cher-que-lelectrique","status":"publish","type":"post","link":"https:\/\/www.evearly.news\/fr\/nouveau-peugeot-3008-lhybride-rechargeable-plus-cher-que-lelectrique\/","title":{"rendered":"Nouveau Peugeot 3008 : l\u2019hybride rechargeable plus cher que l\u2019\u00e9lectrique"},"content":{"rendered":"<p><img decoding=\"async\" width=\"500\" height=\"333\" src=\"https:\/\/www.evearly.news\/fr\/wp-content\/uploads\/sites\/6\/2024\/06\/nouveau-peugeot-3008-lhybride-rechargeable-plus-cher-que-lelectrique.png\" class=\"attachment-1200x800 size-1200x800 wp-post-image\" alt=\"\" loading=\"lazy\" srcset=\"https:\/\/www.evearly.news\/fr\/wp-content\/uploads\/sites\/6\/2024\/06\/nouveau-peugeot-3008-lhybride-rechargeable-plus-cher-que-lelectrique.png 1600w, https:\/\/www.evearly.news\/fr\/wp-content\/uploads\/sites\/6\/2024\/06\/nouveau-peugeot-3008-lhybride-rechargeable-plus-cher-que-lelectrique-1.png 1024w, https:\/\/www.evearly.news\/fr\/wp-content\/uploads\/sites\/6\/2024\/06\/nouveau-peugeot-3008-lhybride-rechargeable-plus-cher-que-lelectrique-2.png 768w, https:\/\/www.evearly.news\/fr\/wp-content\/uploads\/sites\/6\/2024\/06\/nouveau-peugeot-3008-lhybride-rechargeable-plus-cher-que-lelectrique-3.png 1536w, https:\/\/cdn.automobile-propre.com\/uploads\/2024\/02\/Essai-Peugeot-e-3008-6-620x349.png 620w\" sizes=\"auto, (max-width: 1200px) 100vw, 1200px\" \/><br \/>\nLa troisi\u00e8me g\u00e9n\u00e9ration du 3008 est maintenant disponible \u00e0 la commande avec une motorisation hybride rechargeable de 195 ch, \u00e0\u2026\u00a0<a href=\"https:\/\/www.automobile-propre.com\/nouveau-peugeot-3008-lhybride-rechargeable-plus-cher-que-lelectrique\/\" target='bwindow' rel=\"noopener\">Lire la suite&#8230;<\/a><\/p>\n","protected":false},"excerpt":{"rendered":"<p>&#8230; <a class=\"continue-reading-link\" href=\"https:\/\/www.evearly.news\/fr\/nouveau-peugeot-3008-lhybride-rechargeable-plus-cher-que-lelectrique\/\"><\/a><\/p>\n","protected":false},"author":8,"featured_media":282333,"comment_status":"closed","ping_status":"open","sticky":false,"template":"Default","format":"standard","meta":{"footnotes":""},"categories":[8],"tags":[],"class_list":["post-282332","post","type-post","status-publish","format-standard","has-post-thumbnail","hentry","category-automobile-propre"],"_links":{"self":[{"href":"https:\/\/www.evearly.news\/fr\/wp-json\/wp\/v2\/posts\/282332","targetHints":{"allow":["GET"]}}],"collection":[{"href":"https:\/\/www.evearly.news\/fr\/wp-json\/wp\/v2\/posts"}],"about":[{"href":"https:\/\/www.evearly.news\/fr\/wp-json\/wp\/v2\/types\/post"}],"author":[{"embeddable":true,"href":"https:\/\/www.evearly.news\/fr\/wp-json\/wp\/v2\/users\/8"}],"replies":[{"embeddable":true,"href":"https:\/\/www.evearly.news\/fr\/wp-json\/wp\/v2\/comments?post=282332"}],"version-history":[{"count":0,"href":"https:\/\/www.evearly.news\/fr\/wp-json\/wp\/v2\/posts\/282332\/revisions"}],"wp:featuredmedia":[{"embeddable":true,"href":"https:\/\/www.evearly.news\/fr\/wp-json\/wp\/v2\/media\/282333"}],"wp:attachment":[{"href":"https:\/\/www.evearly.news\/fr\/wp-json\/wp\/v2\/media?parent=282332"}],"wp:term":[{"taxonomy":"category","embeddable":true,"href":"https:\/\/www.evearly.news\/fr\/wp-json\/wp\/v2\/categories?post=282332"},{"taxonomy":"post_tag","embeddable":true,"href":"https:\/\/www.evearly.news\/fr\/wp-json\/wp\/v2\/tags?post=282332"}],"curies":[{"name":"wp","href":"https:\/\/api.w.org\/{rel}","templated":true}]}}