{"id":282340,"date":"2024-06-13T11:56:20","date_gmt":"2024-06-13T09:56:20","guid":{"rendered":"https:\/\/www.evearly.news\/fr\/journees-portes-ouvertes-des-15-et-16-juin-chez-citroen-surtout-des-remises-sur-la-nouvelle-e-c3-electrique\/"},"modified":"2024-06-13T11:56:20","modified_gmt":"2024-06-13T09:56:20","slug":"journees-portes-ouvertes-des-15-et-16-juin-chez-citroen-surtout-des-remises-sur-la-nouvelle-e-c3-electrique","status":"publish","type":"post","link":"https:\/\/www.evearly.news\/fr\/journees-portes-ouvertes-des-15-et-16-juin-chez-citroen-surtout-des-remises-sur-la-nouvelle-e-c3-electrique\/","title":{"rendered":"Journ\u00e9es portes ouvertes des 15 et 16 juin : chez Citro\u00ebn, surtout des remises sur la nouvelle \u00eb-C3 \u00e9lectrique"},"content":{"rendered":"<div class=\"media_block\"><img decoding=\"async\" src=\"https:\/\/www.evearly.news\/fr\/wp-content\/uploads\/sites\/6\/2024\/06\/journees-portes-ouvertes-des-15-et-16-juin-chez-citroen-surtout-des-remises-sur-la-nouvelle-e-c3-electrique.jpg\"><\/div>\n<p>Pour donner un petit coup de boost au d\u00e9but de carri\u00e8re de la nouvelle Citro\u00ebn \u00eb-C3 \u00e9lectrique, cette derni\u00e8re b\u00e9n\u00e9ficie de conditions avantageuses \u00e0 l\u2019achat, notamment pendant les Journ\u00e9es portes ouvertes de ce mois de juin 2024. <a href=\"https:\/\/www.automobile-magazine.fr\/toute-l-actualite\/article\/43361-journees-portes-ouvertes-des-15-et-16-juin-chez-citroen-surtout-des-remises-sur-la-nouvelle-e-c3\" target='bwindow' rel=\"noopener\">Lire la suite&#8230;<\/a><\/p>\n","protected":false},"excerpt":{"rendered":"<div class=\"media_block\"><img decoding=\"async\" src=\"https:\/\/www.evearly.news\/fr\/wp-content\/uploads\/sites\/6\/2024\/06\/journees-portes-ouvertes-des-15-et-16-juin-chez-citroen-surtout-des-remises-sur-la-nouvelle-e-c3-electrique.jpg\"><\/div>\n<p> <a class=\"continue-reading-link\" href=\"https:\/\/www.evearly.news\/fr\/journees-portes-ouvertes-des-15-et-16-juin-chez-citroen-surtout-des-remises-sur-la-nouvelle-e-c3-electrique\/\"><\/a><\/p>\n","protected":false},"author":7,"featured_media":282341,"comment_status":"closed","ping_status":"open","sticky":false,"template":"Default","format":"standard","meta":{"footnotes":""},"categories":[7],"tags":[],"class_list":["post-282340","post","type-post","status-publish","format-standard","has-post-thumbnail","hentry","category-automobile-magazine"],"_links":{"self":[{"href":"https:\/\/www.evearly.news\/fr\/wp-json\/wp\/v2\/posts\/282340","targetHints":{"allow":["GET"]}}],"collection":[{"href":"https:\/\/www.evearly.news\/fr\/wp-json\/wp\/v2\/posts"}],"about":[{"href":"https:\/\/www.evearly.news\/fr\/wp-json\/wp\/v2\/types\/post"}],"author":[{"embeddable":true,"href":"https:\/\/www.evearly.news\/fr\/wp-json\/wp\/v2\/users\/7"}],"replies":[{"embeddable":true,"href":"https:\/\/www.evearly.news\/fr\/wp-json\/wp\/v2\/comments?post=282340"}],"version-history":[{"count":0,"href":"https:\/\/www.evearly.news\/fr\/wp-json\/wp\/v2\/posts\/282340\/revisions"}],"wp:featuredmedia":[{"embeddable":true,"href":"https:\/\/www.evearly.news\/fr\/wp-json\/wp\/v2\/media\/282341"}],"wp:attachment":[{"href":"https:\/\/www.evearly.news\/fr\/wp-json\/wp\/v2\/media?parent=282340"}],"wp:term":[{"taxonomy":"category","embeddable":true,"href":"https:\/\/www.evearly.news\/fr\/wp-json\/wp\/v2\/categories?post=282340"},{"taxonomy":"post_tag","embeddable":true,"href":"https:\/\/www.evearly.news\/fr\/wp-json\/wp\/v2\/tags?post=282340"}],"curies":[{"name":"wp","href":"https:\/\/api.w.org\/{rel}","templated":true}]}}