{"id":282342,"date":"2024-06-13T11:59:56","date_gmt":"2024-06-13T09:59:56","guid":{"rendered":"https:\/\/www.evearly.news\/fr\/les-futures-taxes-sur-les-voitures-electriques-chinoises-inquietent-les-constructeurs-europeens-voici-pourquoi\/"},"modified":"2024-06-13T11:59:56","modified_gmt":"2024-06-13T09:59:56","slug":"les-futures-taxes-sur-les-voitures-electriques-chinoises-inquietent-les-constructeurs-europeens-voici-pourquoi","status":"publish","type":"post","link":"https:\/\/www.evearly.news\/fr\/les-futures-taxes-sur-les-voitures-electriques-chinoises-inquietent-les-constructeurs-europeens-voici-pourquoi\/","title":{"rendered":"Les futures taxes sur les voitures \u00e9lectriques chinoises inqui\u00e8tent les constructeurs europ\u00e9ens, voici pourquoi"},"content":{"rendered":"<p><img decoding=\"async\" src=\"https:\/\/www.evearly.news\/fr\/wp-content\/uploads\/sites\/6\/2024\/06\/les-futures-taxes-sur-les-voitures-electriques-chinoises-inquietent-les-constructeurs-europeens-voici-pourquoi.jpg\"><br \/>Pour prot\u00e9ger l\u2019industrie europ\u00e9enne, l\u2019UE a d\u00e9cid\u00e9 d&rsquo;instaurer des droits de douane suppl\u00e9mentaires sur les importations de v\u00e9hicules \u00e9lectriques chinois. On s\u2019en doutait, P\u00e9kin s\u2019insurge et menace de r\u00e9pliquer. Depuis plusieurs mois, des doutes subsistaient sur les subventions massives accord\u00e9es&#8230; <a href=\"https:\/\/www.phonandroid.com\/les-futures-taxes-sur-les-voitures-electriques-chinoises-inquietent-les-constructeurs-europeens-voici-pourquoi.html\" target=\"blank\" rel=\"noopener\">Lire la suite&#8230;<\/a><\/p>\n","protected":false},"excerpt":{"rendered":"<p>Pour prot\u00e9ger l\u2019industrie europ\u00e9enne, l\u2019UE a d\u00e9cid\u00e9 d&rsquo;instaurer des droits de douane suppl\u00e9mentaires sur les importations de v\u00e9hicules \u00e9lectriques chinois. On s\u2019en doutait, P\u00e9kin s\u2019insurge et menace de r\u00e9pliquer. Depuis plusieurs mois, des doutes subsistaient sur les subventions massives accord\u00e9es&#8230;&#8230; <a class=\"continue-reading-link\" href=\"https:\/\/www.evearly.news\/fr\/les-futures-taxes-sur-les-voitures-electriques-chinoises-inquietent-les-constructeurs-europeens-voici-pourquoi\/\"><\/a><\/p>\n","protected":false},"author":17,"featured_media":282343,"comment_status":"closed","ping_status":"open","sticky":false,"template":"Default","format":"standard","meta":{"footnotes":""},"categories":[18],"tags":[],"class_list":["post-282342","post","type-post","status-publish","format-standard","has-post-thumbnail","hentry","category-phonandroid"],"_links":{"self":[{"href":"https:\/\/www.evearly.news\/fr\/wp-json\/wp\/v2\/posts\/282342","targetHints":{"allow":["GET"]}}],"collection":[{"href":"https:\/\/www.evearly.news\/fr\/wp-json\/wp\/v2\/posts"}],"about":[{"href":"https:\/\/www.evearly.news\/fr\/wp-json\/wp\/v2\/types\/post"}],"author":[{"embeddable":true,"href":"https:\/\/www.evearly.news\/fr\/wp-json\/wp\/v2\/users\/17"}],"replies":[{"embeddable":true,"href":"https:\/\/www.evearly.news\/fr\/wp-json\/wp\/v2\/comments?post=282342"}],"version-history":[{"count":0,"href":"https:\/\/www.evearly.news\/fr\/wp-json\/wp\/v2\/posts\/282342\/revisions"}],"wp:featuredmedia":[{"embeddable":true,"href":"https:\/\/www.evearly.news\/fr\/wp-json\/wp\/v2\/media\/282343"}],"wp:attachment":[{"href":"https:\/\/www.evearly.news\/fr\/wp-json\/wp\/v2\/media?parent=282342"}],"wp:term":[{"taxonomy":"category","embeddable":true,"href":"https:\/\/www.evearly.news\/fr\/wp-json\/wp\/v2\/categories?post=282342"},{"taxonomy":"post_tag","embeddable":true,"href":"https:\/\/www.evearly.news\/fr\/wp-json\/wp\/v2\/tags?post=282342"}],"curies":[{"name":"wp","href":"https:\/\/api.w.org\/{rel}","templated":true}]}}