{"id":282392,"date":"2024-06-14T09:50:04","date_gmt":"2024-06-14T07:50:04","guid":{"rendered":"https:\/\/www.evearly.news\/fr\/pour-la-police-up-fit-propose-un-tesla-cybertruck-next-gen-patrol\/"},"modified":"2024-06-14T09:50:04","modified_gmt":"2024-06-14T07:50:04","slug":"pour-la-police-up-fit-propose-un-tesla-cybertruck-next-gen-patrol","status":"publish","type":"post","link":"https:\/\/www.evearly.news\/fr\/pour-la-police-up-fit-propose-un-tesla-cybertruck-next-gen-patrol\/","title":{"rendered":"Pour la Police, Up.Fit propose un Tesla Cybertruck Next-Gen Patrol"},"content":{"rendered":"<p><img width=\"1000\" height=\"563\" src=\"https:\/\/www.evearly.news\/fr\/wp-content\/uploads\/sites\/6\/2024\/06\/pour-la-police-up-fit-propose-un-tesla-cybertruck-next-gen-patrol.jpg\" class=\"attachment-post-thumbnail size-post-thumbnail wp-post-image\" alt=\"Tesla Cybertruck Police\" decoding=\"async\" fetchpriority=\"high\" srcset=\"https:\/\/www.evearly.news\/fr\/wp-content\/uploads\/sites\/6\/2024\/06\/pour-la-police-up-fit-propose-un-tesla-cybertruck-next-gen-patrol.jpg 1000w, https:\/\/www.evearly.news\/fr\/wp-content\/uploads\/sites\/6\/2024\/06\/pour-la-police-up-fit-propose-un-tesla-cybertruck-next-gen-patrol-1.jpg 300w, https:\/\/www.evearly.news\/fr\/wp-content\/uploads\/sites\/6\/2024\/06\/pour-la-police-up-fit-propose-un-tesla-cybertruck-next-gen-patrol-2.jpg 998w, https:\/\/www.avem.fr\/wp-content\/uploads\/2024\/06\/ACTE0614_CybTeslaPolice-768x432.jpg 768w\" sizes=\"(max-width: 1000px) 100vw, 1000px\" \/>Entreprise am\u00e9ricaine sp\u00e9cialis\u00e9e dans la transformation de v\u00e9hicules pour les forces de l\u2019ordre, Up.Fit am\u00e9nage d\u00e9sormais le Tesla Cybertruck pour les polices du monde entier. \u00a0 V\u00e9hicule id\u00e9al d\u2019intervention\u00a0? Depuis l\u2019annonce du projet en 2018 par Elon Musk, le Tesla Cybertruck ne cesse de d\u00e9frayer la chronique. Les uns le [\u2026] <a href=\"https:\/\/www.avem.fr\/2024\/06\/14\/pour-la-police-up-fit-propose-un-tesla-cybertruck-next-gen-patrol\/\" target=\"blank\" rel=\"noopener\">Lire la suite&#8230;<\/a><\/p>\n","protected":false},"excerpt":{"rendered":"<p><img loading=\"lazy\" decoding=\"async\" width=\"1000\" height=\"563\" src=\"https:\/\/www.evearly.news\/fr\/wp-content\/uploads\/sites\/6\/2024\/06\/pour-la-police-up-fit-propose-un-tesla-cybertruck-next-gen-patrol.jpg\" class=\"attachment-post-thumbnail size-post-thumbnail wp-post-image\" alt=\"Tesla Cybertruck Police\" \/>Entreprise am\u00e9ricaine sp\u00e9cialis\u00e9e dans la transformation de v\u00e9hicules pour les forces de l\u2019ordre, Up.Fit am\u00e9nage d\u00e9sormais le Tesla Cybertruck pour les polices du monde entier. \u00a0 V\u00e9hicule id\u00e9al d\u2019intervention\u00a0? Depuis l\u2019annonce du projet en 2018 par Elon Musk, le Tesla Cybertruck ne cesse de d\u00e9frayer la chronique. Les uns le [\u2026] <a class=\"continue-reading-link\" href=\"https:\/\/www.evearly.news\/fr\/pour-la-police-up-fit-propose-un-tesla-cybertruck-next-gen-patrol\/\"><\/a><\/p>\n","protected":false},"author":3,"featured_media":282393,"comment_status":"closed","ping_status":"open","sticky":false,"template":"Default","format":"standard","meta":{"footnotes":""},"categories":[3],"tags":[],"class_list":["post-282392","post","type-post","status-publish","format-standard","has-post-thumbnail","hentry","category-avem"],"_links":{"self":[{"href":"https:\/\/www.evearly.news\/fr\/wp-json\/wp\/v2\/posts\/282392","targetHints":{"allow":["GET"]}}],"collection":[{"href":"https:\/\/www.evearly.news\/fr\/wp-json\/wp\/v2\/posts"}],"about":[{"href":"https:\/\/www.evearly.news\/fr\/wp-json\/wp\/v2\/types\/post"}],"author":[{"embeddable":true,"href":"https:\/\/www.evearly.news\/fr\/wp-json\/wp\/v2\/users\/3"}],"replies":[{"embeddable":true,"href":"https:\/\/www.evearly.news\/fr\/wp-json\/wp\/v2\/comments?post=282392"}],"version-history":[{"count":0,"href":"https:\/\/www.evearly.news\/fr\/wp-json\/wp\/v2\/posts\/282392\/revisions"}],"wp:featuredmedia":[{"embeddable":true,"href":"https:\/\/www.evearly.news\/fr\/wp-json\/wp\/v2\/media\/282393"}],"wp:attachment":[{"href":"https:\/\/www.evearly.news\/fr\/wp-json\/wp\/v2\/media?parent=282392"}],"wp:term":[{"taxonomy":"category","embeddable":true,"href":"https:\/\/www.evearly.news\/fr\/wp-json\/wp\/v2\/categories?post=282392"},{"taxonomy":"post_tag","embeddable":true,"href":"https:\/\/www.evearly.news\/fr\/wp-json\/wp\/v2\/tags?post=282392"}],"curies":[{"name":"wp","href":"https:\/\/api.w.org\/{rel}","templated":true}]}}