{"id":282504,"date":"2024-06-16T08:28:38","date_gmt":"2024-06-16T06:28:38","guid":{"rendered":"https:\/\/www.evearly.news\/fr\/est-il-dangereux-de-laisser-branchee-sa-voiture-electrique-toute-une-nuit-a-la-maison-on-fait-le-point\/"},"modified":"2024-06-16T08:28:38","modified_gmt":"2024-06-16T06:28:38","slug":"est-il-dangereux-de-laisser-branchee-sa-voiture-electrique-toute-une-nuit-a-la-maison-on-fait-le-point","status":"publish","type":"post","link":"https:\/\/www.evearly.news\/fr\/est-il-dangereux-de-laisser-branchee-sa-voiture-electrique-toute-une-nuit-a-la-maison-on-fait-le-point\/","title":{"rendered":"Est-il dangereux de laisser branch\u00e9e sa voiture \u00e9lectrique toute une nuit \u00e0 la maison ? On fait le point"},"content":{"rendered":"<p><img width=\"1200\" height=\"674\" src=\"https:\/\/www.evearly.news\/fr\/wp-content\/uploads\/sites\/6\/2024\/06\/est-il-dangereux-de-laisser-branchee-sa-voiture-electrique-toute-une-nuit-a-la-maison-on-fait-le-point.jpg\" class=\"attachment-large size-large wp-post-image\" alt=\"Tesla Wall Connector\" decoding=\"async\" loading=\"lazy\" \/<br \/>Nous allons voir ici les bonnes pratiques \u00e0 avoir lorsque l&rsquo;on charge sa voiture \u00e9lectrique \u00e0 la maison. En particulier, quels sont les dangers \u00e9ventuels \u00e0 laisser branch\u00e9 le v\u00e9hicule pendant des heures d&rsquo;affil\u00e9e. <a href=\"https:\/\/www.frandroid.com\/survoltes\/voitures-electriques\/1649485_est-il-dangereux-de-laisser-branchee-sa-voiture-electrique-toute-une-nuit-a-la-maison-on-fait-le-point\" target='bwindow' rel=\"noopener\">Lire la suite&#8230;<\/a><\/p>\n","protected":false},"excerpt":{"rendered":"<p>&lt;img width=&quot;1200&quot; height=&quot;674&quot; src=&quot;https:\/\/www.evearly.news\/fr\/wp-content\/uploads\/sites\/6\/2024\/06\/est-il-dangereux-de-laisser-branchee-sa-voiture-electrique-toute-une-nuit-a-la-maison-on-fait-le-point.jpg&quot; class=&quot;attachment-large size-large wp-post-image&quot; alt=&quot;Tesla Wall Connector&quot; decoding=&quot;async&quot; loading=&quot;lazy&quot; \/<br \/>Nous allons voir ici les bonnes pratiques \u00e0 avoir lorsque l&rsquo;on charge sa voiture \u00e9lectrique \u00e0 la maison. En particulier, quels sont les dangers \u00e9ventuels \u00e0 laisser branch\u00e9 le v\u00e9hicule pendant des heures d&rsquo;affil\u00e9e.<\/p>\n<p> <a class=\"continue-reading-link\" href=\"https:\/\/www.evearly.news\/fr\/est-il-dangereux-de-laisser-branchee-sa-voiture-electrique-toute-une-nuit-a-la-maison-on-fait-le-point\/\"><\/a><\/p>\n","protected":false},"author":6,"featured_media":282505,"comment_status":"closed","ping_status":"open","sticky":false,"template":"Default","format":"standard","meta":{"footnotes":""},"categories":[14],"tags":[],"class_list":["post-282504","post","type-post","status-publish","format-standard","has-post-thumbnail","hentry","category-frandroid"],"_links":{"self":[{"href":"https:\/\/www.evearly.news\/fr\/wp-json\/wp\/v2\/posts\/282504","targetHints":{"allow":["GET"]}}],"collection":[{"href":"https:\/\/www.evearly.news\/fr\/wp-json\/wp\/v2\/posts"}],"about":[{"href":"https:\/\/www.evearly.news\/fr\/wp-json\/wp\/v2\/types\/post"}],"author":[{"embeddable":true,"href":"https:\/\/www.evearly.news\/fr\/wp-json\/wp\/v2\/users\/6"}],"replies":[{"embeddable":true,"href":"https:\/\/www.evearly.news\/fr\/wp-json\/wp\/v2\/comments?post=282504"}],"version-history":[{"count":0,"href":"https:\/\/www.evearly.news\/fr\/wp-json\/wp\/v2\/posts\/282504\/revisions"}],"wp:featuredmedia":[{"embeddable":true,"href":"https:\/\/www.evearly.news\/fr\/wp-json\/wp\/v2\/media\/282505"}],"wp:attachment":[{"href":"https:\/\/www.evearly.news\/fr\/wp-json\/wp\/v2\/media?parent=282504"}],"wp:term":[{"taxonomy":"category","embeddable":true,"href":"https:\/\/www.evearly.news\/fr\/wp-json\/wp\/v2\/categories?post=282504"},{"taxonomy":"post_tag","embeddable":true,"href":"https:\/\/www.evearly.news\/fr\/wp-json\/wp\/v2\/tags?post=282504"}],"curies":[{"name":"wp","href":"https:\/\/api.w.org\/{rel}","templated":true}]}}