{"id":282506,"date":"2024-06-16T09:21:05","date_gmt":"2024-06-16T07:21:05","guid":{"rendered":"https:\/\/www.evearly.news\/fr\/essai-tesla-model-3-grande-autonomie-les-consommations-et-autonomies-mesurees-de-notre-supertest\/"},"modified":"2024-06-16T09:21:05","modified_gmt":"2024-06-16T07:21:05","slug":"essai-tesla-model-3-grande-autonomie-les-consommations-et-autonomies-mesurees-de-notre-supertest","status":"publish","type":"post","link":"https:\/\/www.evearly.news\/fr\/essai-tesla-model-3-grande-autonomie-les-consommations-et-autonomies-mesurees-de-notre-supertest\/","title":{"rendered":"Essai \u2013 Tesla Model 3 Grande Autonomie : les consommations et autonomies mesur\u00e9es de notre Supertest"},"content":{"rendered":"<p><img decoding=\"async\" width=\"500\" height=\"333\" src=\"https:\/\/www.evearly.news\/fr\/wp-content\/uploads\/sites\/6\/2024\/06\/essai-tesla-model-3-grande-autonomie-les-consommations-et-autonomies-mesurees-de-notre-supertest.jpg\" class=\"attachment-1200x800 size-1200x800 wp-post-image\" alt=\"Tesla Model 3\" loading=\"lazy\" srcset=\"https:\/\/www.evearly.news\/fr\/wp-content\/uploads\/sites\/6\/2024\/06\/essai-tesla-model-3-grande-autonomie-les-consommations-et-autonomies-mesurees-de-notre-supertest.jpg 1200w, https:\/\/www.evearly.news\/fr\/wp-content\/uploads\/sites\/6\/2024\/06\/essai-tesla-model-3-grande-autonomie-les-consommations-et-autonomies-mesurees-de-notre-supertest-1.jpg 1024w, https:\/\/www.evearly.news\/fr\/wp-content\/uploads\/sites\/6\/2024\/06\/essai-tesla-model-3-grande-autonomie-les-consommations-et-autonomies-mesurees-de-notre-supertest-2.jpg 140w, https:\/\/www.evearly.news\/fr\/wp-content\/uploads\/sites\/6\/2024\/06\/essai-tesla-model-3-grande-autonomie-les-consommations-et-autonomies-mesurees-de-notre-supertest-3.jpg 768w, https:\/\/www.evearly.news\/fr\/wp-content\/uploads\/sites\/6\/2024\/06\/essai-tesla-model-3-grande-autonomie-les-consommations-et-autonomies-mesurees-de-notre-supertest-4.jpg 620w, https:\/\/www.evearly.news\/fr\/wp-content\/uploads\/sites\/6\/2024\/06\/essai-tesla-model-3-grande-autonomie-les-consommations-et-autonomies-mesurees-de-notre-supertest-5.jpg 100w, https:\/\/www.evearly.news\/fr\/wp-content\/uploads\/sites\/6\/2024\/06\/essai-tesla-model-3-grande-autonomie-les-consommations-et-autonomies-mesurees-de-notre-supertest-6.jpg 190w, https:\/\/cdn.automobile-propre.com\/uploads\/2024\/05\/Supertest-Essai-Tesla-Model-3-Grande-Autonomie-01-600x400.jpg 600w\" sizes=\"auto, (max-width: 1200px) 100vw, 1200px\" \/><br \/>\nConsid\u00e9r\u00e9e comme la r\u00e9f\u00e9rence absolue en mati\u00e8re de voiture \u00e9lectrique, la Tesla Model 3 s\u2019invite au Supertest dans sa version\u2026\u00a0<a href=\"https:\/\/www.automobile-propre.com\/essai-tesla-model-3-grande-autonomie-les-consommations-et-autonomies-mesurees-de-notre-supertest\/\" target='bwindow' rel=\"noopener\">Lire la suite&#8230;<\/a><\/p>\n","protected":false},"excerpt":{"rendered":"<p>&#8230; <a class=\"continue-reading-link\" href=\"https:\/\/www.evearly.news\/fr\/essai-tesla-model-3-grande-autonomie-les-consommations-et-autonomies-mesurees-de-notre-supertest\/\"><\/a><\/p>\n","protected":false},"author":8,"featured_media":282507,"comment_status":"closed","ping_status":"open","sticky":false,"template":"Default","format":"standard","meta":{"footnotes":""},"categories":[8],"tags":[],"class_list":["post-282506","post","type-post","status-publish","format-standard","has-post-thumbnail","hentry","category-automobile-propre"],"_links":{"self":[{"href":"https:\/\/www.evearly.news\/fr\/wp-json\/wp\/v2\/posts\/282506","targetHints":{"allow":["GET"]}}],"collection":[{"href":"https:\/\/www.evearly.news\/fr\/wp-json\/wp\/v2\/posts"}],"about":[{"href":"https:\/\/www.evearly.news\/fr\/wp-json\/wp\/v2\/types\/post"}],"author":[{"embeddable":true,"href":"https:\/\/www.evearly.news\/fr\/wp-json\/wp\/v2\/users\/8"}],"replies":[{"embeddable":true,"href":"https:\/\/www.evearly.news\/fr\/wp-json\/wp\/v2\/comments?post=282506"}],"version-history":[{"count":0,"href":"https:\/\/www.evearly.news\/fr\/wp-json\/wp\/v2\/posts\/282506\/revisions"}],"wp:featuredmedia":[{"embeddable":true,"href":"https:\/\/www.evearly.news\/fr\/wp-json\/wp\/v2\/media\/282507"}],"wp:attachment":[{"href":"https:\/\/www.evearly.news\/fr\/wp-json\/wp\/v2\/media?parent=282506"}],"wp:term":[{"taxonomy":"category","embeddable":true,"href":"https:\/\/www.evearly.news\/fr\/wp-json\/wp\/v2\/categories?post=282506"},{"taxonomy":"post_tag","embeddable":true,"href":"https:\/\/www.evearly.news\/fr\/wp-json\/wp\/v2\/tags?post=282506"}],"curies":[{"name":"wp","href":"https:\/\/api.w.org\/{rel}","templated":true}]}}